{"id":1002,"date":"2016-08-08T22:42:07","date_gmt":"2016-08-08T20:42:07","guid":{"rendered":"http:\/\/parafia-ostrorog.pl\/?p=1002"},"modified":"2016-08-18T20:24:57","modified_gmt":"2016-08-18T18:24:57","slug":"odpust-parafialny-ku-czci-drugorzednego-patrona-swietego-jakuba-apostola-31-07-2016r","status":"publish","type":"post","link":"https:\/\/parafia-ostrorog.pl\/index.php\/2016\/08\/08\/odpust-parafialny-ku-czci-drugorzednego-patrona-swietego-jakuba-apostola-31-07-2016r\/","title":{"rendered":"ODPUST PARAFIALNY KU CZCI DRUGORZ\u0118DNEGO PATRONA \u2013 \u015aWI\u0118TEGO JAKUBA APOSTO\u0141A 31.07.2016r."},"content":{"rendered":"<p style=\"text-align: center;\">\n\t<span style=\"color:#000000;\"><span style=\"font-size:18px;\"><span style=\"font-family:georgia,serif;\">\u015awi\u0119ty Jakub Wi\u0119kszy &#8211; jeden z 12 aposto\u0142&oacute;w Jezusa Chrystusa,&nbsp;syn Zebedeusza i Salome, brat Jana Ewangelisty. Jest patronem Hiszpanii&nbsp;i Portugalii, oraz walk z islamem, zakon&oacute;w rycerskich, opiekunem pielgrzym&oacute;w. Tradycja utrzymuje, \u017ce aposto\u0142 przed \u015bmierci\u0105 \u017ca\u0142owa\u0142 swego kata, kt&oacute;ry wzruszony tak\u0105 postaw\u0105, nawr&oacute;ci\u0142 si\u0119 na wiar\u0119 chrze\u015bcija\u0144sk\u0105.<\/span><\/span><\/span>\n<\/p>\n<p style=\"text-align: center;\">\n\t<span style=\"color:#000000;\"><span style=\"font-size:18px;\"><span style=\"font-family:georgia,serif;\">31 lipca obchodzili\u015bmy uroczysto\u015bci odpustowe ku czci \u015awi\u0119tego Jakuba&nbsp;&nbsp;w naszej wsp&oacute;lnocie. O godzinie 12:00 sum\u0119 odpustow\u0105 odprawi\u0142 i kazanie wyg\u0142osi\u0142 Ksi\u0105dz Jan Majchrzak. Na zako\u0144czenie adorowali\u015bmy Jezusa Chrystusa utajonego&nbsp;w Naj\u015bwi\u0119tszym Sakramencie w procesji wok&oacute;\u0142 ko\u015bcio\u0142a. Niesione by\u0142y wszystkie sztandary i symbole naszej wiary, dziewczynki sypa\u0142y kwiaty, by Pan Jezus utajonyw Hostii m&oacute;g\u0142 uczczony przej\u015b\u0107 wok&oacute;\u0142 naszej \u015bwi\u0105tyni. S\u0142u\u017cba liturgiczna oraz ch&oacute;rek &bdquo;\u015awiate\u0142ka&rdquo; tradycyjnie \u015bwietnie si\u0119 spisali i &nbsp;u\u015bwietnili t\u0119 przepi\u0119kn\u0105 uroczysto\u015b\u0107.<\/span><\/span><\/span>\n<\/p>\n<p style=\"text-align: center;\">\n\t<span style=\"color:#000000;\"><span style=\"font-size:18px;\"><span style=\"font-family:georgia,serif;\">Z tej okazji m\u0142odzie\u017c z Katolickiego Stowarzyszenia M\u0142odzie\u017cy zorganizowa\u0142a przepyszne ciasta i podczas wszystkich Mszy \u015awi\u0119tych sprzedawa\u0142a jako cegie\u0142ki. Dzi\u0119kujemy za wsparcie i pomoc, kt&oacute;re za ka\u017cdym razem otrzymujemy od parafian&nbsp;w Ostrorogu. Cieszymy si\u0119, \u017ce m\u0142odzie\u017c jest doceniana, przez co z wi\u0119ksz\u0105 rado\u015bci\u0105&nbsp;i motywacj\u0105 zbli\u017ca si\u0119 do Pana Boga.&nbsp;\u015awi\u0119ty Jakub ukocha\u0142 Chrystusa w bli\u017anich, a tak\u017ce poprzez m\u0119cze\u0144sk\u0105 \u015bmier\u0107. Nasz patron jest dla nas przyk\u0142adem do na\u015bladowania, nie tylko w dniu odpustu parafialnego, lecz na ka\u017cdy dzie\u0144. Jego przyk\u0142ad pokazuje jak ukocha\u0107 Jezusa ca\u0142kowicie i a\u017c do ko\u0144ca.<\/span><\/span><\/span>\n<\/p>\n<p style=\"text-align: center;\">\n\t<span style=\"color:#000000;\"><span style=\"font-size:18px;\"><span style=\"font-family:georgia,serif;\">&nbsp; &nbsp; &nbsp; &nbsp; &nbsp; &nbsp; &nbsp; &nbsp; &nbsp; &nbsp; &nbsp; &nbsp; &nbsp; &nbsp; &nbsp; &nbsp; &nbsp; &nbsp; &nbsp; &nbsp; &nbsp; &nbsp; &nbsp; &nbsp; &nbsp; &nbsp; &nbsp; &nbsp; &nbsp; &nbsp; &nbsp; &nbsp; &nbsp; &nbsp; &nbsp; &nbsp; &nbsp; &nbsp; &nbsp; &nbsp; &nbsp; &nbsp; &nbsp; &nbsp; &nbsp;Tekst: Barbara Korzeniowska<\/span><\/span><\/span>\n<\/p>\n<p style=\"text-align: center;\">\n\t&nbsp;\n<\/p>\n<p style=\"text-align: center;\">\n\t&nbsp;<\/p>\n","protected":false},"excerpt":{"rendered":"<p>\u015awi\u0119ty Jakub Wi\u0119kszy &#8211; jeden z 12 aposto\u0142&oacute;w Jezusa Chrystusa,&nbsp;syn Zebedeusza i Salome, brat Jana Ewangelisty. Jest patronem Hiszpanii&nbsp;i Portugalii, oraz walk z islamem, zakon&oacute;w rycerskich, opiekunem pielgrzym&oacute;w. Tradycja utrzymuje, \u017ce aposto\u0142 przed \u015bmierci\u0105 \u017ca\u0142owa\u0142 swego kata, kt&oacute;ry wzruszony tak\u0105 postaw\u0105, nawr&oacute;ci\u0142 si\u0119 na wiar\u0119 chrze\u015bcija\u0144sk\u0105. 31 lipca obchodzili\u015bmy uroczysto\u015bci odpustowe ku czci \u015awi\u0119tego Jakuba&nbsp;&nbsp;w [&hellip;]<\/p>\n","protected":false},"author":2,"featured_media":0,"comment_status":"closed","ping_status":"closed","sticky":false,"template":"","format":"standard","meta":{"ngg_post_thumbnail":0,"footnotes":""},"categories":[3],"tags":[],"class_list":["post-1002","post","type-post","status-publish","format-standard","hentry","category-aktualnosci"],"_links":{"self":[{"href":"https:\/\/parafia-ostrorog.pl\/index.php\/wp-json\/wp\/v2\/posts\/1002","targetHints":{"allow":["GET"]}}],"collection":[{"href":"https:\/\/parafia-ostrorog.pl\/index.php\/wp-json\/wp\/v2\/posts"}],"about":[{"href":"https:\/\/parafia-ostrorog.pl\/index.php\/wp-json\/wp\/v2\/types\/post"}],"author":[{"embeddable":true,"href":"https:\/\/parafia-ostrorog.pl\/index.php\/wp-json\/wp\/v2\/users\/2"}],"replies":[{"embeddable":true,"href":"https:\/\/parafia-ostrorog.pl\/index.php\/wp-json\/wp\/v2\/comments?post=1002"}],"version-history":[{"count":9,"href":"https:\/\/parafia-ostrorog.pl\/index.php\/wp-json\/wp\/v2\/posts\/1002\/revisions"}],"predecessor-version":[{"id":1511,"href":"https:\/\/parafia-ostrorog.pl\/index.php\/wp-json\/wp\/v2\/posts\/1002\/revisions\/1511"}],"wp:attachment":[{"href":"https:\/\/parafia-ostrorog.pl\/index.php\/wp-json\/wp\/v2\/media?parent=1002"}],"wp:term":[{"taxonomy":"category","embeddable":true,"href":"https:\/\/parafia-ostrorog.pl\/index.php\/wp-json\/wp\/v2\/categories?post=1002"},{"taxonomy":"post_tag","embeddable":true,"href":"https:\/\/parafia-ostrorog.pl\/index.php\/wp-json\/wp\/v2\/tags?post=1002"}],"curies":[{"name":"wp","href":"https:\/\/api.w.org\/{rel}","templated":true}]}}