{"id":1050,"date":"2016-08-08T22:49:14","date_gmt":"2016-08-08T20:49:14","guid":{"rendered":"http:\/\/parafia-ostrorog.pl\/?p=1050"},"modified":"2016-08-18T20:24:19","modified_gmt":"2016-08-18T18:24:19","slug":"wczasorekolekcje-mlodziezy-w-gebicach-1-4-08-2016r","status":"publish","type":"post","link":"https:\/\/parafia-ostrorog.pl\/index.php\/2016\/08\/08\/wczasorekolekcje-mlodziezy-w-gebicach-1-4-08-2016r\/","title":{"rendered":"WCZASOREKOLEKCJE M\u0141ODZIE\u017bY W G\u0118BICACH 1\u20134.08.2016r."},"content":{"rendered":"<p style=\"text-align: center;\">\n\t<span style=\"color:#000000;\"><span style=\"font-size:16px;\"><span style=\"font-family:georgia,serif;\"><strong>WCZASOREKOLEKCJE M\u0141ODZIE\u017bY W G\u0118BICACH<\/strong><\/span><\/span><\/span>\n<\/p>\n<p style=\"text-align: center;\">\n\t<span style=\"color:#000000;\"><span style=\"font-size:18px;\"><span style=\"font-family:georgia,serif;\"><strong>1&ndash;4.08.2016 rok<\/strong><\/span><\/span><\/span>\n<\/p>\n<p style=\"text-align: center;\">\n\t<span style=\"color:#000000;\"><span style=\"font-size:18px;\"><span style=\"font-family:georgia,serif;\">&nbsp;&nbsp;&nbsp;&nbsp;&nbsp;&nbsp;&nbsp;&nbsp; 1 sierpnia 2016 roku nadszed\u0142 czas d\u0142ugo wyczekiwanego wyjazdu naszej wspania\u0142ej m\u0142odzie\u017cy z Ostroroga do G\u0119bic. Wszyscy zebrali\u015bmy si\u0119 o 9:30 w naszym ko\u015bciele na wsp&oacute;lnej modlitwie i b\u0142ogos\u0142awie\u0144stwie ks. Proboszcza. O godzinie 10:00 wyruszyli\u015bmy w kierunku o\u015brodka &bdquo;Nasz Dom&rdquo; Si&oacute;str Felicjanek.&nbsp; Po dotarciu na miejsce mieli\u015bmy chwil\u0119 na rozpakowanie si\u0119 i zapoznanie z terenem. Jest to niezwyk\u0142e miejsce,&nbsp;kt&oacute;re zachwyca spokojem i pi\u0119knym otoczeniem.&nbsp; Pokoje by\u0142y bardzo przytulne, a na ka\u017cdym pi\u0119trze mie\u015bci\u0142 si\u0119 aneks, czyli miejsce do wsp&oacute;lnych spotka\u0144 z kuchni\u0105 i salonem. Dziewcz\u0119ta mieszka\u0142y w Domu B\u0142. Marii Angeli Truszkowkiej &ndash; za\u0142o\u017cycielki Zgromadzenia Si&oacute;str Felicjanek, a ch\u0142opcy &ndash; w Domu Opatrzno\u015bci Bo\u017cej. By\u0142 te\u017c czas na odpoczynek.&nbsp; Jedna grupa m\u0142odzie\u017cy ruszy\u0142a na basen, a inna na boisko, pogra\u0107 w pi\u0142k\u0119 lub po\u0107wiczy\u0107 na si\u0142owni zewn\u0119trznej.&nbsp; Po wsp&oacute;lnie zjedzonym posi\u0142ku odby\u0142o si\u0119 spotkanie w grupach wraz z animatorkami. Pierwsze spotkanie mia\u0142o na celu przede wszystkim zapoznanie si\u0119 ze sob\u0105. Po kolacji odby\u0142a si\u0119 pierwsza wsp&oacute;lna Msza \u015awi\u0119ta, do kt&oacute;rej starannie samodzielnie przygotowali\u015bmy; nast\u0119pnie obejrzeli\u015bmy bardzo pouczaj\u0105cy film pt.: &bdquo;Doonby. Ka\u017cdy jest kim\u015b&rdquo;, kt&oacute;ry u\u015bwiadomi\u0142 nam jak wa\u017cne jest \u017cycie ka\u017cdego z nas. Tak dobieg\u0142 ko\u0144ca pierwszy dzie\u0144 wczasorekolekcji.<br \/>\n\t&nbsp; &nbsp;&nbsp;&nbsp;&nbsp;&nbsp;&nbsp; Wtorek by\u0142 dniem, kt&oacute;ry mia\u0142 na celu przygotowanie m\u0142odych do dobrej spowiedzi. Wstali\u015bmy bardzo wcze\u015bnie i po wsp&oacute;lnej, rannej modlitwie i \u015bniadaniu udali\u015bmy si\u0119 do wybranych miejsc, aby popracowa\u0107 razem w grupie. Zadaniem ka\u017cdej grupy by\u0142o przygotowanie rozwa\u017ca\u0144 stacji Drogi Krzy\u017cowej. M\u0142odzie\u017c spisa\u0142a si\u0119 na medal, bo pokaza\u0142a, \u017ce wsp&oacute;lnymi si\u0142ami s\u0105 w stanie stworzy\u0107 co\u015b pi\u0119knego.<br \/>\n\tP&oacute;\u017aniej troch\u0119 odpoczynku na basenie i boisku. Oko\u0142o godziny 16:00 nadszed\u0142 moment kolejnego spotkania w grupach.&nbsp; Temat, kt&oacute;ry poruszyli\u015bmy to oczywi\u015bcie spowied\u017a. Na samym pocz\u0105tku obejrzeli\u015bmy film pt.: &bdquo;Mario&rdquo;, opowiadaj\u0105cy o pogubionym nastolatku, kt&oacute;ry dosta\u0142 od Boga szans\u0119 na zmian\u0119 swojego dotychczasowego \u017cycia. Zadaniem animatorek by\u0142o jak najlepsze przygotowanie m\u0142odzie\u017cy do szczerej spowiedzi.&nbsp; D\u0142ugo rozmawiali\u015bmy na temat naszych \u015bwiadectw spowiedzi, a na ko\u0144cu ka\u017cdy otrzyma\u0142 rachunek sumienia nastolatka i nastolatki.&nbsp; Przed Msz\u0105 \u015awi\u0119t\u0105 odby\u0142a si\u0119 adoracja Naj\u015bwi\u0119tszego Sakramentu,w czasie kt&oacute;rej m\u0142odzi przygotowywali rachunek sumienia i spowiadali si\u0119. By\u0142 to pi\u0119kny czas pojednania si\u0119 z Bogiem i &nbsp;zaproszenia Go na nowo do czystego serca podczas Eucharystii. Bardzo zm\u0119czeni intensywnym dniem, po wsp&oacute;lnym spotkaniu nas wszystkich, udali\u015bmy si\u0119 do \u0142&oacute;\u017cek.&nbsp;<\/span><\/span><\/span>\n<\/p>\n<p style=\"text-align: center;\">\n\t<span style=\"color:#000000;\"><span style=\"font-size:18px;\"><span style=\"font-family:georgia,serif;\">&nbsp;&nbsp;&nbsp;&nbsp;&nbsp;&nbsp;&nbsp;&nbsp; \u015aroda by\u0142a czasem rekreacji, ale oczywi\u015bcie nie tylko.&nbsp; Tradycyjnie wsp&oacute;lna modlitwa i \u015bniadanie, a potem spotkanie w grupach, w kt&oacute;rych poruszali\u015bmy temat wczorajszej spowiedzi, jak i wiele innych, wa\u017cnych w\u0105tk&oacute;w.&nbsp; Nast\u0119pnie najwa\u017cniejszy moment ka\u017cdego dnia, czyli Msza \u015awi\u0119ta i wsp&oacute;lne \u015bpiewy. &nbsp;Po obiedzie, oko\u0142o godziny 13:00 wyruszyli\u015bmy w stron\u0119 Goraju. Zwiedzili\u015bmy poblisk\u0105 szko\u0142\u0119, internat, pomnik hrabiego a przede wszystkim pi\u0119kne le\u015bne tereny. Tam te\u017c odby\u0142o si\u0119 nasze ognisko, podczas kt&oacute;rego wielkimi zdolno\u015bciami wykazywali si\u0119 ch\u0142opcy. Wszyscy zadowoleni z pe\u0142nymi brzuchami wr&oacute;cili\u015bmy do naszego o\u015brodka w G\u0119bicach. Wieczorem, kiedy zacz\u0119\u0142o si\u0119 ju\u017c \u015bciemnia\u0107 rozpocz\u0119li\u015bmy wsp&oacute;ln\u0105 Drog\u0119 Krzy\u017cow\u0105, przygotowan\u0105 przez nasz\u0105 wspania\u0142\u0105 m\u0142odzie\u017c. Szli\u015bmy za krzy\u017cem, zrobionym przez jedn\u0105 z grup, przez polne tereny. Nasza Droga Krzy\u017cowa zako\u0144czy\u0142a si\u0119 na pobliskim cmentarzu.&nbsp; By\u0142 to pi\u0119kny czas zadumy i spokoju. Wr&oacute;cili\u015bmy p&oacute;\u017ano, wi\u0119c wszyscy bardzo zm\u0119czeni t\u0105 kilkukilometrow\u0105 w\u0119dr&oacute;wk\u0105, po spotkaniu podsumowuj\u0105cym udali si\u0119 do swoich pokoi.<br \/>\n\t&nbsp; &nbsp;&nbsp;&nbsp;&nbsp;&nbsp;&nbsp; Czwartek 4 sierpnia to dzie\u0144 powrotu do domu. Wstali\u015bmy wcze\u015bniej ni\u017c zwykle, aby spakowa\u0107 si\u0119 i posprz\u0105ta\u0107 w naszych pokojach&nbsp;i aneksach. Dzie\u0144 jak zwykle zacz\u0119li\u015bmy od wsp&oacute;lnej modlitwy&nbsp;i \u015bniadania, p&oacute;\u017aniej ostatnie ju\u017c spotkanie w grupach. Podsumowali\u015bmy nasze wczasorekolekcje i podzi\u0119kowali\u015bmy za pi\u0119kny czas. Ka\u017cdy z grupy od swoich animatorek otrzyma\u0142 drobny upominek, kt&oacute;ry b\u0119dzie przypomina\u0142 o wsp&oacute;lnie sp\u0119dzonych chwilach. P&oacute;\u017aniej mia\u0142a miejsce nasza ostatnia Msza \u015awi\u0119ta i nasz ostatni wsp&oacute;lny posi\u0142ek. Wszyscy byli\u015bmy dumni z m\u0142odzie\u017cy, poniewa\u017c do ka\u017cdego posi\u0142ku sama przygotowywa\u0142a z niewielk\u0105 pomoc\u0105 animatorek. Ponadto ka\u017cda Uczta Pa\u0144ska, czyli Msza \u015awi\u0119ta, r&oacute;wnie\u017c przygotowywana by\u0142a przez m\u0142odzie\u017c: czytali czytania, \u015bpiewali psalmy, ministranci wiernie s\u0142u\u017cyli przy o\u0142tarzu, a wszyscy wychwalali Pana g\u0142o\u015bnym \u015bpiewem. Ka\u017cdy uczestnik otrzyma\u0142 pami\u0105tkowy dyplom, a wybrane osoby, kt&oacute;re szczeg&oacute;lnie prze\u017cy\u0142y te 4 wspania\u0142e dni, zosta\u0142y nagrodzone dyplomami w r&oacute;\u017cnych kategoriach.&nbsp;<\/span><br \/>\n\t<span style=\"font-family:georgia,serif;\">O\u015brodek opuszczali\u015bmy ze \u0142zami w oczach.<\/span><br \/>\n\t<span style=\"font-family:georgia,serif;\">W drodze powrotnej odwiedzili\u015bmy Czark&oacute;w, gdzie w ko\u015bciele farnym pw. \u015aw. Marii Magdaleny przywitali\u015bmy si\u0119 z Panem Jezusem, a tak\u017ce wylosowali\u015bmy Jego S\u0142owo, ka\u017cdy w\u0142asne, skierowane tylko do niego. Zjedli\u015bmy tak\u017ce pyszne lody. Oko\u0142o godziny 15:00 byli\u015bmy ju\u017c w naszym Ostrorogu.<br \/>\n\t&nbsp; &nbsp;&nbsp;&nbsp;&nbsp;&nbsp;&nbsp; My\u015bl\u0119, \u017ce nasze wczasorekolekcje by\u0142y przepi\u0119knym czasem dla ka\u017cdego z nas i ka\u017cdy z nas prze\u017cy\u0142 je bardzo g\u0142\u0119boko. Pokazali\u015bmy,&nbsp;\u017ce w naszym mie\u015bcie mamy wspania\u0142\u0105 m\u0142odzie\u017c, kt&oacute;ra chce by\u0107 blisko Boga i pragnie Go szuka\u0107. Te kilka dni z pewno\u015bci\u0105 wnios\u0142o w nasze \u017cycie bardzo wiele, du\u017co si\u0119 nauczyli\u015bmy, a przede wszystkim zbli\u017cyli\u015bmy si\u0119 i jeszcze mocniej pokochali\u015bmy Boga. Dzi\u0119kujemy Siostrom Felicjankom za wszelkie okazane wobec nas dobro, za wspania\u0142e przyj\u0119cie w o\u015brodku, za przepyszne posi\u0142ki i za rozmowy. Dzi\u0119kujemy Ksi\u0119dzu Szymonowi, kt&oacute;ry z ca\u0142ych si\u0142 ka\u017cdego dnia stara\u0142 si\u0119 zaspakaja\u0107 nasze potrzeby: te ziemskie, ale przede wszystkim te duchowe i wewn\u0119trzne. Wr&oacute;cili\u015bmy odmienieni i szcz\u0119\u015bliwsi. Ka\u017cdy z nas poczu\u0142, \u017ce w G\u0119bicach zostawi\u0142 cz\u0105stk\u0119 swojego serca. &nbsp;Chwa\u0142a Panu!<\/span><\/span><\/span>\n<\/p>\n<p style=\"text-align: center;\">\n\t<span style=\"color:#000000;\"><span style=\"font-size:18px;\"><span style=\"font-family:georgia,serif;\">&nbsp; &nbsp; &nbsp; &nbsp; &nbsp; &nbsp; &nbsp; &nbsp; &nbsp; &nbsp; &nbsp; &nbsp; &nbsp; &nbsp; &nbsp; &nbsp; &nbsp; &nbsp; &nbsp; &nbsp; &nbsp; &nbsp; &nbsp; &nbsp; &nbsp; &nbsp; Tekst: Klaudia Konieczna<\/span><\/span><\/span>\n<\/p>\n<p style=\"text-align: center;\">\n\t&nbsp;<\/p>\n","protected":false},"excerpt":{"rendered":"<p>WCZASOREKOLEKCJE M\u0141ODZIE\u017bY W G\u0118BICACH 1&ndash;4.08.2016 rok &nbsp;&nbsp;&nbsp;&nbsp;&nbsp;&nbsp;&nbsp;&nbsp; 1 sierpnia 2016 roku nadszed\u0142 czas d\u0142ugo wyczekiwanego wyjazdu naszej wspania\u0142ej m\u0142odzie\u017cy z Ostroroga do G\u0119bic. Wszyscy zebrali\u015bmy si\u0119 o 9:30 w naszym ko\u015bciele na wsp&oacute;lnej modlitwie i b\u0142ogos\u0142awie\u0144stwie ks. Proboszcza. O godzinie 10:00 wyruszyli\u015bmy w kierunku o\u015brodka &bdquo;Nasz Dom&rdquo; Si&oacute;str Felicjanek.&nbsp; Po dotarciu na miejsce mieli\u015bmy chwil\u0119 [&hellip;]<\/p>\n","protected":false},"author":2,"featured_media":0,"comment_status":"closed","ping_status":"closed","sticky":false,"template":"","format":"standard","meta":{"ngg_post_thumbnail":0,"footnotes":""},"categories":[3],"tags":[],"class_list":["post-1050","post","type-post","status-publish","format-standard","hentry","category-aktualnosci"],"_links":{"self":[{"href":"https:\/\/parafia-ostrorog.pl\/index.php\/wp-json\/wp\/v2\/posts\/1050","targetHints":{"allow":["GET"]}}],"collection":[{"href":"https:\/\/parafia-ostrorog.pl\/index.php\/wp-json\/wp\/v2\/posts"}],"about":[{"href":"https:\/\/parafia-ostrorog.pl\/index.php\/wp-json\/wp\/v2\/types\/post"}],"author":[{"embeddable":true,"href":"https:\/\/parafia-ostrorog.pl\/index.php\/wp-json\/wp\/v2\/users\/2"}],"replies":[{"embeddable":true,"href":"https:\/\/parafia-ostrorog.pl\/index.php\/wp-json\/wp\/v2\/comments?post=1050"}],"version-history":[{"count":9,"href":"https:\/\/parafia-ostrorog.pl\/index.php\/wp-json\/wp\/v2\/posts\/1050\/revisions"}],"predecessor-version":[{"id":1510,"href":"https:\/\/parafia-ostrorog.pl\/index.php\/wp-json\/wp\/v2\/posts\/1050\/revisions\/1510"}],"wp:attachment":[{"href":"https:\/\/parafia-ostrorog.pl\/index.php\/wp-json\/wp\/v2\/media?parent=1050"}],"wp:term":[{"taxonomy":"category","embeddable":true,"href":"https:\/\/parafia-ostrorog.pl\/index.php\/wp-json\/wp\/v2\/categories?post=1050"},{"taxonomy":"post_tag","embeddable":true,"href":"https:\/\/parafia-ostrorog.pl\/index.php\/wp-json\/wp\/v2\/tags?post=1050"}],"curies":[{"name":"wp","href":"https:\/\/api.w.org\/{rel}","templated":true}]}}