{"id":12490,"date":"2019-06-08T19:46:35","date_gmt":"2019-06-08T17:46:35","guid":{"rendered":"http:\/\/parafia-ostrorog.pl\/?p=12490"},"modified":"2019-06-08T19:47:59","modified_gmt":"2019-06-08T17:47:59","slug":"kolejny-festyn-parafialny-za-nami","status":"publish","type":"post","link":"https:\/\/parafia-ostrorog.pl\/index.php\/2019\/06\/08\/kolejny-festyn-parafialny-za-nami\/","title":{"rendered":"Kolejny Festyn Parafialny za nami !"},"content":{"rendered":"<h3 style=\"text-align: center;\"><span style=\"color: #000000;\">W&nbsp; niedziel\u0119 26 maja 2019r. , przy sprzyjaj\u0105cej pogodzie, odby\u0142 si\u0119 w Ostrorogu&nbsp; IV Rodzinny Festyn Parafialny. Impreza zorganizowana przez Rad\u0119 Duszpastersk\u0105 oraz Ks. Proboszcza Krystiana Sobczaka&nbsp; i przy wielkim zaanga\u017cowaniu parafian zgromadzi\u0142a na przyko\u015bcielnym ogrodzie&nbsp; wiele rodzin, m\u0142odzie\u017cy i dzieci.<\/span><\/h3>\n<h3 style=\"text-align: center;\"><span style=\"color: #000000;\">Na scenie pojawili si\u0119 :<\/span><\/h3>\n<h3 style=\"text-align: center;\"><span style=\"color: #000000;\">\u2013 Ch\u00f3rek parafialny z Obrzycka<\/span><\/h3>\n<h3 style=\"text-align: center;\"><span style=\"color: #000000;\">\u2013 Formacja HOP-DANCE<\/span><\/h3>\n<h3 style=\"text-align: center;\"><span style=\"color: #000000;\">\u2013 m\u0142ode talenty czyli Mini Lista Przeboj\u00f3w<\/span><\/h3>\n<h3 style=\"text-align: center;\"><span style=\"color: #000000;\">\u2013 Izabela i Rados\u0142aw Klauze<\/span><br \/>\n<span style=\"color: #000000;\">&#8211; Antoni Kaczmarek<\/span><\/h3>\n<h3 style=\"text-align: center;\"><span style=\"color: #000000;\">&#8211; Ch\u00f3rek \u015awiate\u0142ka z Ostroroga<\/span><\/h3>\n<h3 style=\"text-align: center;\"><span style=\"color: #000000;\">&#8211; Szko\u0142a muzyczna z Tarnowa Podg\u00f3rnego<\/span><\/h3>\n<h3 style=\"text-align: center;\"><span style=\"color: #000000;\">&#8211; dzieci z Zespo\u0142u Szk\u00f3\u0142 w Ostrorogu<\/span><\/h3>\n<h3 style=\"text-align: center;\"><span style=\"color: #000000;\">Pod koniec festynu na scenie pojawi\u0142 si\u0119 zesp\u00f3\u0142 TWO BOYS\u201d<\/span><\/h3>\n<h3 style=\"text-align: center;\"><span style=\"color: #000000;\">Sukcesywnie trwa\u0142a sprzeda\u017c cegie\u0142ek z kt\u00f3rej zysk przeznaczony zosta\u0142 na remont salek katechetycznych.<\/span><\/h3>\n<h3 style=\"text-align: center;\"><span style=\"color: #000000;\"><strong><u>Do&nbsp;dyspozycji parafian by\u0142y:<\/u><\/strong><\/span><\/h3>\n<h3 style=\"text-align: center;\"><span style=\"color: #000000;\">\u2013 Gastronomia serwuj\u0105ca kie\u0142baski z grilla, groch\u00f3wk\u0119, chleb ze smalcem, ciasto oraz zimne i gor\u0105ce napoje<\/span><\/h3>\n<h3 style=\"text-align: center;\"><span style=\"color: #000000;\">\u2013 Loteria fantowa z&nbsp;naprawd\u0119 warto\u015bciowymi nagrodami<\/span><\/h3>\n<h3 style=\"text-align: center;\"><span style=\"color: #000000;\">\u2013 Pokaz &nbsp;Stra\u017cy Po\u017carnej, gdzie mo\u017cna by\u0142o bli\u017cej przyjrze\u0107 si\u0119 sprz\u0119towi, jakim dysponuj\u0105<\/span><\/h3>\n<h3 style=\"text-align: center;\"><span style=\"color: #000000;\">\u2013 Parada motocykli<\/span><\/h3>\n<h3 style=\"text-align: center;\"><span style=\"color: #000000;\">\u2013 S\u0142usznych rozmiar\u00f3w dmuchane zje\u017cd\u017calnie, kt\u00f3re by\u0142y przyczyn\u0105 wielu u\u015bmiech\u00f3w najm\u0142odszych parafian<\/span><\/h3>\n<h3 style=\"text-align: center;\"><span style=\"color: #000000;\">Podczas trwania festynu dzieci wraz z Pani\u0105 Krystyn\u0105 Straburzy\u0144sk\u0105 mog\u0142y samodzielnie wykona\u0107 z bibu\u0142y lub krepiny kwiatki dla swoich mam z okazji ich \u015bwi\u0119ta.<\/span><\/h3>\n<h3 style=\"text-align: center;\"><span style=\"color: #000000;\">Pani Honorata Wachowiak przygotowywa\u0142a wraz z dzie\u0107mi serduszka , kt\u00f3rymi obdarowywali wszystkich zgromadzonych.<\/span><\/h3>\n<h3 style=\"text-align: center;\"><span style=\"color: #000000;\">Nad ca\u0142o\u015bci\u0105 i przebiegiem czuwa\u0142 nasz wspania\u0142y prowadz\u0105cy imprez\u0119 <\/span><br \/>\n<span style=\"color: #000000;\">Pan Robert Byli\u0144ski.<\/span><\/h3>\n<h3 style=\"text-align: center;\"><span style=\"color: #000000;\">IV Rodzinny Festyn Parafialny zapadnie w pami\u0119ci jako udane wydarzenie modlitewno-rozrywkowe.<\/span><\/h3>\n<h3 style=\"text-align: center;\"><span style=\"color: #000000;\">Dzi\u0119ki zaanga\u017cowaniu wielu os\u00f3b a w szczeg\u00f3lno\u015bci Ks. Proboszcza, Rady Parafialnej, parafian i sponsor\u00f3w uda\u0142o si\u0119 bardzo sympatycznie i rodzinnie sp\u0119dzi\u0107 to uroczyste, niedzielne popo\u0142udnie.<\/span><\/h3>\n<h3 style=\"text-align: center;\"><span style=\"color: #000000;\">Pozostaje mie\u0107 nadziej\u0119, \u017ce przysz\u0142oroczna edycja b\u0119dzie co najmniej tak samo udana.<\/span><\/h3>\n<h3 style=\"text-align: center;\"><span style=\"color: #000000;\">Rada Duszpasterska w Ostrorogu sk\u0142ada serdeczne podzi\u0119kowanie wszystkim sponsorom, kt\u00f3rzy wsparli rzeczowo lub finansowo nasz festyn.<\/span><\/h3>\n<h3 style=\"text-align: center;\"><span style=\"color: #000000;\"><u>SPONSORZY FESTYNU PARAFIALNEGO 2019<\/u><\/span><\/h3>\n<h3 style=\"text-align: center;\"><span style=\"color: #000000;\">Ks. Proboszcz Krystian Sobczak<\/span><\/h3>\n<h3 style=\"text-align: center;\"><span style=\"color: #000000;\">Roman Napiera\u0142a<\/span><\/h3>\n<h3 style=\"text-align: center;\"><span style=\"color: #000000;\">Victoria Meble Ostror\u00f3g<\/span><\/h3>\n<h3 style=\"text-align: center;\"><span style=\"color: #000000;\">Tectobud \u2013 Marian No\u017cy\u0144ski<\/span><\/h3>\n<h3 style=\"text-align: center;\"><span style=\"color: #000000;\">Trynite \u2013Artur W\u0105chal<\/span><\/h3>\n<h3 style=\"text-align: center;\"><span style=\"color: #000000;\">Zak\u0142ady Mi\u0119sne- Andrzej Bystry<\/span><\/h3>\n<h3 style=\"text-align: center;\"><span style=\"color: #000000;\">Mieczys\u0142aw Kobia\u0142kowski<\/span><\/h3>\n<h3 style=\"text-align: center;\"><span style=\"color: #000000;\">Hieronim Nogaj<\/span><\/h3>\n<h3 style=\"text-align: center;\"><span style=\"color: #000000;\">Morsy \u201eWodne Niebo\u201d<\/span><\/h3>\n<h3 style=\"text-align: center;\"><span style=\"color: #000000;\">Urz\u0105d Miasta i Gminy Ostror\u00f3g<\/span><\/h3>\n<h3 style=\"text-align: center;\"><span style=\"color: #000000;\">O\u015brodek Szkolenia Kierowc\u00f3w \u201eRzeszowscy\u201d<\/span><\/h3>\n<h3 style=\"text-align: center;\"><span style=\"color: #000000;\">Lakiernia Przemys\u0142owa&nbsp; BIT Ostror\u00f3g<\/span><\/h3>\n<h3 style=\"text-align: center;\"><span style=\"color: #000000;\">Sklep odzie\u017cowy Sandra- Alina Many\u015b<\/span><\/h3>\n<h3 style=\"text-align: center;\"><span style=\"color: #000000;\">Salon kosmetyczny \u2013Paulina Smusz<\/span><\/h3>\n<h3 style=\"text-align: center;\"><span style=\"color: #000000;\">AG-met Adam Gidaszewski<\/span><\/h3>\n<h3 style=\"text-align: center;\"><span style=\"color: #000000;\">Krystyna i Marek Gidaszewscy<\/span><\/h3>\n<h3 style=\"text-align: center;\"><span style=\"color: #000000;\">Market DINO Szamotu\u0142y<\/span><\/h3>\n<h3 style=\"text-align: center;\"><span style=\"color: #000000;\">TOMIS-Tomasz Gumny<\/span><\/h3>\n<h3 style=\"text-align: center;\"><span style=\"color: #000000;\">Kolsan- Bogdan Kolwicz<\/span><\/h3>\n<h3 style=\"text-align: center;\"><span style=\"color: #000000;\">Pizzeria nad Morminem<\/span><\/h3>\n<h3 style=\"text-align: center;\"><span style=\"color: #000000;\">Nadle\u015bnictwo Pniewy<\/span><\/h3>\n<h3 style=\"text-align: center;\"><span style=\"color: #000000;\">Napena Szamotu\u0142y<\/span><\/h3>\n<h3 style=\"text-align: center;\"><span style=\"color: #000000;\">Good food- Products Sp. z o.o.<\/span><\/h3>\n<h3 style=\"text-align: center;\"><span style=\"color: #000000;\">Marinex- Mariusz J\u0119drzejczak Szamotu\u0142y<\/span><\/h3>\n<h3 style=\"text-align: center;\"><span style=\"color: #000000;\">Sklep odzie\u017cowy \u201eKARO\u201d Paulina Ikrzak<\/span><\/h3>\n<h3 style=\"text-align: center;\"><span style=\"color: #000000;\">Gospodarstwo Rolne \u2013 Honorata i Tomasz Wachowiak<\/span><\/h3>\n<h3 style=\"text-align: center;\"><span style=\"color: #000000;\">Zbrojenia&nbsp; Budowlane- Jacek Pazderski<\/span><\/h3>\n<h3 style=\"text-align: center;\"><span style=\"color: #000000;\">So\u0142tys Wsi Kluczewo- Krzysztof Szal<\/span><\/h3>\n<h3 style=\"text-align: center;\"><span style=\"color: #000000;\">OSP Kluczewo<\/span><\/h3>\n<h3 style=\"text-align: center;\"><span style=\"color: #000000;\">Rada So\u0142ecka Wsi Kluczewo<\/span><\/h3>\n<h3 style=\"text-align: center;\"><span style=\"color: #000000;\">D\u017cul- E. Maciejewska i R. Rzeszowski<\/span><\/h3>\n<h3 style=\"text-align: center;\"><span style=\"color: #000000;\">Restauracja \u201eDANA\u201d Krzysztof Ry\u017cykow<\/span><\/h3>\n<h3 style=\"text-align: center;\"><span style=\"color: #000000;\">Stacja Paliw- A. Muszy\u0144ski i W. Stachowiak<\/span><\/h3>\n<h3 style=\"text-align: center;\"><span style=\"color: #000000;\">Sklep Wielobran\u017cowy \u2013 Anna Wnuk<\/span><\/h3>\n<h3 style=\"text-align: center;\"><span style=\"color: #000000;\">\u015awiat Zwierz\u0105t- Izabela Rzepi\u0144ska<\/span><\/h3>\n<h3 style=\"text-align: center;\"><span style=\"color: #000000;\">Piotrex \u2013 Piotr G\u00f3ra<\/span><\/h3>\n<h3 style=\"text-align: center;\"><span style=\"color: #000000;\">Salon Fryzjerski \u2013Malwina G\u00f3ra<\/span><\/h3>\n<h3 style=\"text-align: center;\"><span style=\"color: #000000;\">Kwiaty \u2013 Dorota Baraniak<\/span><\/h3>\n<h3 style=\"text-align: center;\"><span style=\"color: #000000;\">Maciej Piestrzeniewicz<\/span><\/h3>\n<h3 style=\"text-align: center;\"><span style=\"color: #000000;\">Firma Przewozowo-Us\u0142ugowa \u2013 Andrzej Jon<\/span><\/h3>\n<h3 style=\"text-align: center;\"><span style=\"color: #000000;\">Salon Urody \u201eAGA\u201d \u2013 Agnieszka Lerczak -Paradiuk<\/span><\/h3>\n<h3 style=\"text-align: center;\"><span style=\"color: #000000;\">Market DINO &#8211; Ewa Grunwald \u2013 B\u0105k<\/span><\/h3>\n<h3 style=\"text-align: center;\"><span style=\"color: #000000;\">Ogrodnictwo \u2013 Julian Kubiak<\/span><\/h3>\n<h3 style=\"text-align: center;\"><span style=\"color: #000000;\">Solarium Opal- Katarzyna Nowicka<\/span><\/h3>\n<h3 style=\"text-align: center;\"><span style=\"color: #000000;\">Alina i Leszek B\u0142ajek<\/span><\/h3>\n<h3 style=\"text-align: center;\"><span style=\"color: #000000;\">Hurtownia DELFIN \u2013 Zdzis\u0142aw Kwa\u015bny<\/span><\/h3>\n<h3 style=\"text-align: center;\"><span style=\"color: #000000;\">Magdalena i Krzysztof&nbsp; D\u0105browscy<\/span><\/h3>\n<h3 style=\"text-align: center;\"><span style=\"color: #000000;\">Mariola Przymusza\u0142a<\/span><\/h3>\n<h3 style=\"text-align: center;\"><span style=\"color: #000000;\">Sklep \u201eU Halinki\u201d Halina Krauze<\/span><\/h3>\n<h3 style=\"text-align: center;\"><span style=\"color: #000000;\">Weronika Janc i Irena Op\u0142atkowska<\/span><\/h3>\n<h3 style=\"text-align: center;\"><span style=\"color: #000000;\">Jacek Kaczmarek<\/span><\/h3>\n<h3 style=\"text-align: center;\"><span style=\"color: #000000;\">Magdalena i Tomasz Kaczmarek<\/span><\/h3>\n<h3 style=\"text-align: center;\"><span style=\"color: #000000;\">Jerzy Bartkowiak<\/span><\/h3>\n<h3 style=\"text-align: center;\"><span style=\"color: #000000;\">Wojciech Szczechowiak<\/span><\/h3>\n<h3 style=\"text-align: center;\"><span style=\"color: #000000;\">Agnieszka Lembicz<\/span><\/h3>\n<h3 style=\"text-align: center;\"><span style=\"color: #000000;\">Zbigniew Perz<\/span><\/h3>\n<h3 style=\"text-align: center;\"><span style=\"color: #000000;\">Administrator cmentarza Lilia<\/span><\/h3>\n<h3 style=\"text-align: center;\"><span style=\"color: #000000;\">Bar Mormin \u2013 Joanna Nogaj<\/span><\/h3>\n<h3 style=\"text-align: center;\"><span style=\"color: #000000;\">Apteka pod Kasztanami- Wies\u0142awa Olejnik<\/span><\/h3>\n<h3 style=\"text-align: center;\"><span style=\"color: #000000;\">Mateusz Golcz<\/span><\/h3>\n<h3 style=\"text-align: center;\"><span style=\"color: #000000;\">Napoleon Szamotu\u0142y<\/span><\/h3>\n<h3 style=\"text-align: center;\"><span style=\"color: #000000;\">Stomatologia i Medycyna Estetyczna \u2013 Aleksandra Tomaszewska<\/span><\/h3>\n<h3 style=\"text-align: center;\"><span style=\"color: #000000;\">Anna i Zbigniew Michalak<\/span><\/h3>\n<h3 style=\"text-align: center;\"><span style=\"color: #000000;\">Kat-bud \u2013 Tomasz Rowi\u0144ski<\/span><\/h3>\n<h3 style=\"text-align: center;\"><span style=\"color: #000000;\">Ludwik Pazderski<\/span><\/h3>\n<h3 style=\"text-align: center;\"><span style=\"color: #000000;\">Olga i Maciej J\u0105drzyk<\/span><\/h3>\n<h3 style=\"text-align: center;\"><span style=\"color: #000000;\">Wojciech Ka\u0142u\u017cny<\/span><\/h3>\n<h3 style=\"text-align: center;\"><span style=\"color: #000000;\">Weronika Sowa<\/span><\/h3>\n<h3 style=\"text-align: center;\"><span style=\"color: #000000;\">Stowarzyszenie So\u0142tys\u00f3w Gminy Ostror\u00f3g<\/span><\/h3>\n<h3 style=\"text-align: center;\"><span style=\"color: #000000;\">Janusz Stanke<\/span><\/h3>\n<h3 style=\"text-align: center;\"><span style=\"color: #000000;\">Karolina Dutkiewicz<\/span><\/h3>\n<h3 style=\"text-align: center;\"><span style=\"color: #000000;\">Eugeniusz Tacik<\/span><\/h3>\n<h3 style=\"text-align: center;\"><span style=\"color: #000000;\">Piekarnia REMEK- Karol Piwowarczyk<\/span><\/h3>\n<h3 style=\"text-align: center;\"><span style=\"color: #000000;\">Jerzy Bartkowiak<\/span><\/h3>\n<h3 style=\"text-align: center;\"><span style=\"color: #000000;\">Marlena Dojcz<\/span><\/h3>\n<h3 style=\"text-align: center;\"><span style=\"color: #000000;\">Alicja Rowi\u0144ska<\/span><\/h3>\n<h3 style=\"text-align: center;\"><span style=\"color: #000000;\">Danuta Metler \u2013 Rzeszowska<\/span><\/h3>\n<h3 style=\"text-align: center;\"><span style=\"color: #000000;\">Maltexim- Roman Reszel<\/span><\/h3>\n<h3 style=\"text-align: center;\">&nbsp;<\/h3>\n","protected":false},"excerpt":{"rendered":"<p>W&nbsp; niedziel\u0119 26 maja 2019r. , przy sprzyjaj\u0105cej pogodzie, odby\u0142 si\u0119 w Ostrorogu&nbsp; IV Rodzinny Festyn Parafialny. Impreza zorganizowana przez Rad\u0119 Duszpastersk\u0105 oraz Ks. Proboszcza Krystiana Sobczaka&nbsp; i przy wielkim zaanga\u017cowaniu parafian zgromadzi\u0142a na przyko\u015bcielnym ogrodzie&nbsp; wiele rodzin, m\u0142odzie\u017cy i dzieci. Na scenie pojawili si\u0119 : \u2013 Ch\u00f3rek parafialny z Obrzycka \u2013 Formacja HOP-DANCE \u2013 [&hellip;]<\/p>\n","protected":false},"author":2,"featured_media":0,"comment_status":"closed","ping_status":"closed","sticky":false,"template":"","format":"standard","meta":{"ngg_post_thumbnail":0,"footnotes":""},"categories":[3,1],"tags":[],"class_list":["post-12490","post","type-post","status-publish","format-standard","hentry","category-aktualnosci","category-bez-kategorii"],"_links":{"self":[{"href":"https:\/\/parafia-ostrorog.pl\/index.php\/wp-json\/wp\/v2\/posts\/12490","targetHints":{"allow":["GET"]}}],"collection":[{"href":"https:\/\/parafia-ostrorog.pl\/index.php\/wp-json\/wp\/v2\/posts"}],"about":[{"href":"https:\/\/parafia-ostrorog.pl\/index.php\/wp-json\/wp\/v2\/types\/post"}],"author":[{"embeddable":true,"href":"https:\/\/parafia-ostrorog.pl\/index.php\/wp-json\/wp\/v2\/users\/2"}],"replies":[{"embeddable":true,"href":"https:\/\/parafia-ostrorog.pl\/index.php\/wp-json\/wp\/v2\/comments?post=12490"}],"version-history":[{"count":1,"href":"https:\/\/parafia-ostrorog.pl\/index.php\/wp-json\/wp\/v2\/posts\/12490\/revisions"}],"predecessor-version":[{"id":12491,"href":"https:\/\/parafia-ostrorog.pl\/index.php\/wp-json\/wp\/v2\/posts\/12490\/revisions\/12491"}],"wp:attachment":[{"href":"https:\/\/parafia-ostrorog.pl\/index.php\/wp-json\/wp\/v2\/media?parent=12490"}],"wp:term":[{"taxonomy":"category","embeddable":true,"href":"https:\/\/parafia-ostrorog.pl\/index.php\/wp-json\/wp\/v2\/categories?post=12490"},{"taxonomy":"post_tag","embeddable":true,"href":"https:\/\/parafia-ostrorog.pl\/index.php\/wp-json\/wp\/v2\/tags?post=12490"}],"curies":[{"name":"wp","href":"https:\/\/api.w.org\/{rel}","templated":true}]}}