{"id":1917,"date":"2016-09-25T20:48:42","date_gmt":"2016-09-25T18:48:42","guid":{"rendered":"http:\/\/parafia-ostrorog.pl\/?p=1917"},"modified":"2016-09-25T20:49:23","modified_gmt":"2016-09-25T18:49:23","slug":"iv-parafialny-rajd-rowerowy","status":"publish","type":"post","link":"https:\/\/parafia-ostrorog.pl\/index.php\/2016\/09\/25\/iv-parafialny-rajd-rowerowy\/","title":{"rendered":"IV Parafialny Rajd Rowerowy"},"content":{"rendered":"<p>\n\t<span style=\"color:#000000;\"><span style=\"font-size:16px;\"><span style=\"font-family:georgia,serif;\">Rada Duszpasterska&nbsp;&nbsp; zadba\u0142a ,aby po\u017cegnanie lata przebieg\u0142o aktywnie, a do tego rodzinnie.&nbsp; Ot&oacute;\u017c w niedziel\u0119,&nbsp; 25 wrze\u015bnia &nbsp;2016r. odby\u0142 si\u0119 &nbsp;IV Parafialny &nbsp;Rajd Rowerowy.<br \/>\n\tImpreza uwielbiana przez wszystkich, jak zawsze zgromadzi\u0142a mn&oacute;stwo rowerzyst&oacute;w. Wszyscy cykli\u015bci &nbsp;pojawili si\u0119 przy ko\u015bciele o&nbsp; 13.30. &nbsp;Parafianie, ale tak\u017ce i mieszka\u0144cy z ca\u0142ej gminy oraz okolic przyjechali ca\u0142ymi rodzinami.&nbsp;<\/span><\/span><\/span>\n<\/p>\n<p>\n\t<span style=\"color:#000000;\"><span style=\"font-size:16px;\"><span style=\"font-family:georgia,serif;\">Po modlitwie&nbsp; wyruszyli\u015bmy &nbsp;do Rudek sk\u0105d dalsza trasa prowadzi\u0142a przez&nbsp; Szczepankowo na met\u0119 rajdu do Kluczewa.<br \/>\n\tUczestnicy smakowali pieczone z ogniska kie\u0142baski, ciasto, napoje oraz tak zwan\u0105 niespodziank\u0119, kt&oacute;r\u0105 by\u0142a Pizza dostarczona przez Bar Mormin w Ostrorogu.<br \/>\n\tW rajdzie wzi\u0119\u0142o udzia\u0142 oko\u0142o 60 os&oacute;b. Rada Duszpasterska &nbsp;sk\u0142ada serdeczne podzi\u0119kowanie &nbsp;&nbsp;stra\u017cakom OSP Ostror&oacute;g na czele z Panem Feliksem Burdajewiczem, So\u0142tysowi Wsi Kluczewo Panu Krzysztofowi Szal za super zorganizowanie mety oraz wszystkim osobom, kt&oacute;re przyczyni\u0142y si\u0119 i pomaga\u0142y, aby&nbsp; rajd m&oacute;g\u0142 si\u0119 odby\u0107.<\/span><\/span><\/span><\/p>\n","protected":false},"excerpt":{"rendered":"<p>Rada Duszpasterska&nbsp;&nbsp; zadba\u0142a ,aby po\u017cegnanie lata przebieg\u0142o aktywnie, a do tego rodzinnie.&nbsp; Ot&oacute;\u017c w niedziel\u0119,&nbsp; 25 wrze\u015bnia &nbsp;2016r. odby\u0142 si\u0119 &nbsp;IV Parafialny &nbsp;Rajd Rowerowy. Impreza uwielbiana przez wszystkich, jak zawsze zgromadzi\u0142a mn&oacute;stwo rowerzyst&oacute;w. Wszyscy cykli\u015bci &nbsp;pojawili si\u0119 przy ko\u015bciele o&nbsp; 13.30. &nbsp;Parafianie, ale tak\u017ce i mieszka\u0144cy z ca\u0142ej gminy oraz okolic przyjechali ca\u0142ymi rodzinami.&nbsp; Po [&hellip;]<\/p>\n","protected":false},"author":2,"featured_media":0,"comment_status":"open","ping_status":"open","sticky":false,"template":"","format":"standard","meta":{"ngg_post_thumbnail":0,"footnotes":""},"categories":[3],"tags":[],"class_list":["post-1917","post","type-post","status-publish","format-standard","hentry","category-aktualnosci"],"_links":{"self":[{"href":"https:\/\/parafia-ostrorog.pl\/index.php\/wp-json\/wp\/v2\/posts\/1917","targetHints":{"allow":["GET"]}}],"collection":[{"href":"https:\/\/parafia-ostrorog.pl\/index.php\/wp-json\/wp\/v2\/posts"}],"about":[{"href":"https:\/\/parafia-ostrorog.pl\/index.php\/wp-json\/wp\/v2\/types\/post"}],"author":[{"embeddable":true,"href":"https:\/\/parafia-ostrorog.pl\/index.php\/wp-json\/wp\/v2\/users\/2"}],"replies":[{"embeddable":true,"href":"https:\/\/parafia-ostrorog.pl\/index.php\/wp-json\/wp\/v2\/comments?post=1917"}],"version-history":[{"count":2,"href":"https:\/\/parafia-ostrorog.pl\/index.php\/wp-json\/wp\/v2\/posts\/1917\/revisions"}],"predecessor-version":[{"id":1919,"href":"https:\/\/parafia-ostrorog.pl\/index.php\/wp-json\/wp\/v2\/posts\/1917\/revisions\/1919"}],"wp:attachment":[{"href":"https:\/\/parafia-ostrorog.pl\/index.php\/wp-json\/wp\/v2\/media?parent=1917"}],"wp:term":[{"taxonomy":"category","embeddable":true,"href":"https:\/\/parafia-ostrorog.pl\/index.php\/wp-json\/wp\/v2\/categories?post=1917"},{"taxonomy":"post_tag","embeddable":true,"href":"https:\/\/parafia-ostrorog.pl\/index.php\/wp-json\/wp\/v2\/tags?post=1917"}],"curies":[{"name":"wp","href":"https:\/\/api.w.org\/{rel}","templated":true}]}}