{"id":484,"date":"2016-08-07T22:25:43","date_gmt":"2016-08-07T20:25:43","guid":{"rendered":"http:\/\/parafia-ostrorog.pl\/?p=484"},"modified":"2016-08-18T20:29:14","modified_gmt":"2016-08-18T18:29:14","slug":"iii-parafialny-rajd-rowerowy","status":"publish","type":"post","link":"https:\/\/parafia-ostrorog.pl\/index.php\/2016\/08\/07\/iii-parafialny-rajd-rowerowy\/","title":{"rendered":"III Parafialny Rajd Rowerowy"},"content":{"rendered":"<p style=\"text-align: center;\">\n\t<span style=\"color:#000000;\"><span style=\"font-size:18px;\"><span style=\"font-family:georgia,serif;\">Z inicjatywy Rady Duszpasterskiej dzia\u0142aj\u0105cej przy Ko\u015bciele Parafialnym w Ostrorogu i przy poparciu i osobistym udziale ksi\u0119dza Proboszcza Krystiana Sobczaka oraz Ksi\u0119dza Szymona Ka\u017amierczaka dnia 19 czerwca 2016r.&nbsp; odby\u0142 si\u0119<strong> III Parafialny Rajd Rowerowy<\/strong>. &nbsp;Przed wyjazdem wszyscy uczestnicy udali si\u0119 na kr&oacute;tk\u0105 modlitw\u0119 do Ko\u015bcio\u0142a. Rowerzy\u015bci wyruszyli spod &nbsp;ko\u015bcio\u0142a do Kluczewa a nast\u0119pnie na met\u0119 rajdu do Szczepankowa. Prezes Stowarzyszenia Mieszka\u0144c&oacute;w Wsi &bdquo;Szczepany&rdquo; Pani El\u017cbieta Drewniak gor\u0105co przywita\u0142a wszystkich cyklist&oacute;w i zaprosi\u0142a na pieczone kie\u0142baski&nbsp; z grilla , groch&oacute;wk\u0119 &nbsp;oraz na s\u0142odko\u015bci i napoje. W rajdzie wzi\u0119\u0142o udzia\u0142 oko\u0142o 100 os&oacute;b. Rada Duszpasterska jest wdzi\u0119czna i sk\u0142ada serdeczne podzi\u0119kowanie sponsorom, &nbsp;stra\u017cakom OSP Ostror&oacute;g i Szczepankowa, So\u0142tysowi Wsi Kluczewo Panu Krzysztofowi Szal &nbsp;oraz wszystkim osobom, kt&oacute;re przyczyni\u0142y si\u0119 i pomaga\u0142y w zorganizowaniu rajdu.<\/span><\/span><\/span>\n<\/p>\n<p style=\"text-align: left;\">\n\t&nbsp;<\/p>\n","protected":false},"excerpt":{"rendered":"<p>Z inicjatywy Rady Duszpasterskiej dzia\u0142aj\u0105cej przy Ko\u015bciele Parafialnym w Ostrorogu i przy poparciu i osobistym udziale ksi\u0119dza Proboszcza Krystiana Sobczaka oraz Ksi\u0119dza Szymona Ka\u017amierczaka dnia 19 czerwca 2016r.&nbsp; odby\u0142 si\u0119 III Parafialny Rajd Rowerowy. &nbsp;Przed wyjazdem wszyscy uczestnicy udali si\u0119 na kr&oacute;tk\u0105 modlitw\u0119 do Ko\u015bcio\u0142a. Rowerzy\u015bci wyruszyli spod &nbsp;ko\u015bcio\u0142a do Kluczewa a nast\u0119pnie na met\u0119 [&hellip;]<\/p>\n","protected":false},"author":2,"featured_media":0,"comment_status":"closed","ping_status":"closed","sticky":false,"template":"","format":"standard","meta":{"ngg_post_thumbnail":0,"footnotes":""},"categories":[3],"tags":[],"class_list":["post-484","post","type-post","status-publish","format-standard","hentry","category-aktualnosci"],"_links":{"self":[{"href":"https:\/\/parafia-ostrorog.pl\/index.php\/wp-json\/wp\/v2\/posts\/484","targetHints":{"allow":["GET"]}}],"collection":[{"href":"https:\/\/parafia-ostrorog.pl\/index.php\/wp-json\/wp\/v2\/posts"}],"about":[{"href":"https:\/\/parafia-ostrorog.pl\/index.php\/wp-json\/wp\/v2\/types\/post"}],"author":[{"embeddable":true,"href":"https:\/\/parafia-ostrorog.pl\/index.php\/wp-json\/wp\/v2\/users\/2"}],"replies":[{"embeddable":true,"href":"https:\/\/parafia-ostrorog.pl\/index.php\/wp-json\/wp\/v2\/comments?post=484"}],"version-history":[{"count":8,"href":"https:\/\/parafia-ostrorog.pl\/index.php\/wp-json\/wp\/v2\/posts\/484\/revisions"}],"predecessor-version":[{"id":1517,"href":"https:\/\/parafia-ostrorog.pl\/index.php\/wp-json\/wp\/v2\/posts\/484\/revisions\/1517"}],"wp:attachment":[{"href":"https:\/\/parafia-ostrorog.pl\/index.php\/wp-json\/wp\/v2\/media?parent=484"}],"wp:term":[{"taxonomy":"category","embeddable":true,"href":"https:\/\/parafia-ostrorog.pl\/index.php\/wp-json\/wp\/v2\/categories?post=484"},{"taxonomy":"post_tag","embeddable":true,"href":"https:\/\/parafia-ostrorog.pl\/index.php\/wp-json\/wp\/v2\/tags?post=484"}],"curies":[{"name":"wp","href":"https:\/\/api.w.org\/{rel}","templated":true}]}}