{"id":6950,"date":"2017-07-24T18:21:35","date_gmt":"2017-07-24T16:21:35","guid":{"rendered":"http:\/\/parafia-ostrorog.pl\/?p=6950"},"modified":"2017-07-24T18:27:12","modified_gmt":"2017-07-24T16:27:12","slug":"podziekowanie-za-mile-przyjecie-rowerowej-pielgrzymki-strzelce-krajenskie-jasna-gora","status":"publish","type":"post","link":"https:\/\/parafia-ostrorog.pl\/index.php\/2017\/07\/24\/podziekowanie-za-mile-przyjecie-rowerowej-pielgrzymki-strzelce-krajenskie-jasna-gora\/","title":{"rendered":"PODZI\u0118KOWANIE ZA MI\u0141E PRZYJ\u0118CIE ROWEROWEJ PIELGRZYMKI &#8211; STRZELCE KRAJE\u0143SKIE-JASNA G\u00d3RA"},"content":{"rendered":"<p>\n\tPodzi\u0119kowanie dla parafii Ostror&oacute;g wraz z Ks. Krystianem Sobczakiem za mi\u0142\u0105 go\u015bcin\u0119, pocz\u0119stunek oraz za radosn\u0105, rodzinn\u0105 &nbsp;atmosfer\u0119.\n<\/p>\n<p>\n\tFotorelacja w zak\u0142adce &#8211; GALERIA\n<\/p>\nngg_shortcode_0_placeholder\n<p>\n\t&nbsp;<\/p>\n","protected":false},"excerpt":{"rendered":"<p>Podzi\u0119kowanie dla parafii Ostror&oacute;g wraz z Ks. Krystianem Sobczakiem za mi\u0142\u0105 go\u015bcin\u0119, pocz\u0119stunek oraz za radosn\u0105, rodzinn\u0105 &nbsp;atmosfer\u0119. Fotorelacja w zak\u0142adce &#8211; GALERIA &nbsp;<\/p>\n","protected":false},"author":2,"featured_media":0,"comment_status":"open","ping_status":"open","sticky":false,"template":"","format":"standard","meta":{"ngg_post_thumbnail":0,"footnotes":""},"categories":[3,1],"tags":[],"class_list":["post-6950","post","type-post","status-publish","format-standard","hentry","category-aktualnosci","category-bez-kategorii"],"_links":{"self":[{"href":"https:\/\/parafia-ostrorog.pl\/index.php\/wp-json\/wp\/v2\/posts\/6950","targetHints":{"allow":["GET"]}}],"collection":[{"href":"https:\/\/parafia-ostrorog.pl\/index.php\/wp-json\/wp\/v2\/posts"}],"about":[{"href":"https:\/\/parafia-ostrorog.pl\/index.php\/wp-json\/wp\/v2\/types\/post"}],"author":[{"embeddable":true,"href":"https:\/\/parafia-ostrorog.pl\/index.php\/wp-json\/wp\/v2\/users\/2"}],"replies":[{"embeddable":true,"href":"https:\/\/parafia-ostrorog.pl\/index.php\/wp-json\/wp\/v2\/comments?post=6950"}],"version-history":[{"count":3,"href":"https:\/\/parafia-ostrorog.pl\/index.php\/wp-json\/wp\/v2\/posts\/6950\/revisions"}],"predecessor-version":[{"id":6962,"href":"https:\/\/parafia-ostrorog.pl\/index.php\/wp-json\/wp\/v2\/posts\/6950\/revisions\/6962"}],"wp:attachment":[{"href":"https:\/\/parafia-ostrorog.pl\/index.php\/wp-json\/wp\/v2\/media?parent=6950"}],"wp:term":[{"taxonomy":"category","embeddable":true,"href":"https:\/\/parafia-ostrorog.pl\/index.php\/wp-json\/wp\/v2\/categories?post=6950"},{"taxonomy":"post_tag","embeddable":true,"href":"https:\/\/parafia-ostrorog.pl\/index.php\/wp-json\/wp\/v2\/tags?post=6950"}],"curies":[{"name":"wp","href":"https:\/\/api.w.org\/{rel}","templated":true}]}}