{"id":731,"date":"2016-08-08T20:15:17","date_gmt":"2016-08-08T18:15:17","guid":{"rendered":"http:\/\/parafia-ostrorog.pl\/?p=731"},"modified":"2016-08-18T20:28:57","modified_gmt":"2016-08-18T18:28:57","slug":"731","status":"publish","type":"post","link":"https:\/\/parafia-ostrorog.pl\/index.php\/2016\/08\/08\/731\/","title":{"rendered":"Pielgrzymka do Sok\u00f3\u0142ki"},"content":{"rendered":"<p style=\"text-align: center;\">\n\t<span style=\"color:#000000;\"><span style=\"font-size:18px;\"><span style=\"font-family:georgia,serif;\"><strong>&bdquo;A OTO JA JESTEM Z WAMI PRZEZ WSZYSTKIE DNI, <\/strong><\/span><br \/>\n\t<span style=\"font-family:georgia,serif;\"><strong>A\u017b DO KO\u0143CA \u015aWIATA&rdquo; (Mt 28, 20b)<\/strong><\/span><\/span><\/span>\n<\/p>\n<p style=\"text-align: center;\">\n\t<span style=\"color:#000000;\"><span style=\"font-size:20px;\"><span style=\"font-family:georgia,serif;\"><strong>&nbsp;&#8211; Pielgrzymka do Sok&oacute;\u0142ki<\/strong><\/span><\/span><\/span>\n<\/p>\n<p style=\"text-align: center;\">\n\t<span style=\"color:#000000;\"><span style=\"font-size:18px;\"><span style=\"font-family:georgia,serif;\">W dniach 28.06-01.07.2016 roku parafianie z Ostroroga wsparci przyjaci&oacute;\u0142mi&nbsp;z s\u0105siednich parafii odbyli pielgrzymk\u0119 na Podlasie. G\u0142&oacute;wnym i najwa\u017cniejszym jej punktem by\u0142a ma\u0142a miejscowo\u015b\u0107 Sok&oacute;\u0142ka, do kt&oacute;rej dotarli\u015bmy trzeciego dnia. To w\u0142a\u015bnie tam, w ko\u015bciele pw. \u015aw. Antoniego w 2008 roku wydarzy\u0142 si\u0119 Cud Eucharystyczny -Komunia \u015awi\u0119ta, kt&oacute;ra powinna si\u0119 rozpu\u015bci\u0107, zamieni\u0142a si\u0119 w cz\u0105stk\u0119 Cia\u0142a Pa\u0144skiego (wyniki bada\u0144 s\u0105 jednoznaczne: jest to tkanka mi\u0119\u015bnia poprzecznie pr\u0105\u017ckowana serca&nbsp;w stanie agonii, grupa krwi AB, a p\u0142e\u0107 m\u0119\u017cczyzna). Dla nas pielgrzym&oacute;w by\u0142o to niesamowite prze\u017cycie m&oacute;c tam by\u0107, patrze\u0107 na \u017bywego Chrystusa, modli\u0107 si\u0119 tam,a nawet odprawi\u0107 Msz\u0119 \u015awi\u0119t\u0105, podczas kt&oacute;rej nie zabrak\u0142o wzrusze\u0144&nbsp; i refleksji&nbsp;w naszych sercach.&nbsp;Opr&oacute;cz celu naszej wyprawy mieli\u015bmy okazj\u0119 pozna\u0107 te\u017c wiele religii, kt&oacute;re&nbsp;w tamtych stronach s\u0105 rozwini\u0119te &#8211; zakrywaj\u0105c ramiona odwiedzili\u015bmy liczne monastery&nbsp;&nbsp;i cerkwie w Supra\u015blu, na \u015awi\u0119tej G&oacute;rze Grabarce oraz w Jab\u0142ecznej (prawos\u0142awie); byli\u015bmy w synagodze \u017cydowskiej w Tykocinie (judaizm); a po \u015bci\u0105gni\u0119ciu but&oacute;w poznali\u015bmy tak\u017ce islam w wydaniu Tatar&oacute;w przebywaj\u0105c w meczecie. Zawitali\u015bmy tak\u017ce w Kodeniu,&nbsp;w Bazylice Mniejszej gdzie modlili\u015bmy si\u0119 u st&oacute;p Matki Bo\u017cej Jedno\u015bci. Mile zaskoczy\u0142a nas panuj\u0105ca tam cisza i spok&oacute;j, nawet na ulicach. Od pierwszych chwil z\u017cyli\u015bmy si\u0119 ze sob\u0105, co zaowocowa\u0142o wspania\u0142\u0105 wsp&oacute;\u0142prac\u0105 i ciep\u0142\u0105 atmosfer\u0105 przez ca\u0142\u0105 pielgrzymk\u0119, niezale\u017cnie od miejsca, pory dnia i zm\u0119czenia. Podsumowuj\u0105c mo\u017cna powiedzie\u0107,&nbsp;&nbsp;\u017ce &bdquo;autobus by\u0142 do ta\u0144ca i do r&oacute;\u017ca\u0144ca&rdquo;!<br \/>\n\tAby dope\u0142ni\u0107 tego pi\u0119knego dzie\u0142a, spotkali\u015bmy si\u0119 6 lipca najpierw na Mszy \u015awi\u0119tej&nbsp;&nbsp;i Nowennie do Matki Bo\u017cej Nieustaj\u0105cej Pomocy, aby wsp&oacute;lnie podzi\u0119kowa\u0107 za prze\u017cycie tej pielgrzymki i bezpieczny powr&oacute;t do naszych rodzin oraz by uroczy\u015bcie po\u015bwi\u0119ci\u0107 nasz dar dla parafii : naczynie &#8211; pojemnik na wod\u0119 \u015bwi\u0119con\u0105, kt&oacute;ry odt\u0105d b\u0119dzie sta\u0142 przy chrzcielnicy. Po Eucharystii, w salce obejrzeli\u015bmy d\u0142ugo wyczekiwany film &bdquo;Ja jestem&rdquo;, uraczyli\u015bmy si\u0119 kaw\u0105 i s\u0142odkimi przek\u0105skami, a na koniec niespodzianka: powspominali\u015bmy minione dni ogl\u0105daj\u0105c film ze zdj\u0119\u0107 ze wszystkich miejsc. Ka\u017cdy w prezencie otrzyma\u0142 na pami\u0105tk\u0119 taki film, a tak\u017ce zdj\u0119cie grupowe i wiersz opisuj\u0105cy ka\u017cdy dzie\u0144 pielgrzymki autorstwa Pani Teresy Ratajczak. &bdquo;Podzi\u0119kowania \u015blemy: Ksi\u0119dzu Szymonowi za wspania\u0142\u0105 uczt\u0119 duchow\u0105, opiek\u0119, trosk\u0119 i serce. Panu pilotowi Przemkowi za wiedz\u0119, histori\u0119, cierpliwo\u015b\u0107 i aktorskie przekazanie wiadomo\u015bci.&nbsp;Pani Marii za dobre nas rozlokowanie i kasy trzymanie. (&hellip;) A wszystkim uczestnikom wsp&oacute;lnej wyprawy za wspania\u0142\u0105 pogod\u0119 ducha.&rdquo; (fragment wiersza &bdquo;Pielgrzymka Podlasie 4 Kultury&rdquo;).<\/span><\/span><\/span>\n<\/p>\n<p style=\"text-align: center;\">\n\t<span style=\"color:#000000;\"><span style=\"font-size:18px;\"><span style=\"font-family:georgia,serif;\">&nbsp;&nbsp;&nbsp;&nbsp;&nbsp;&nbsp;&nbsp;&nbsp; Jeste\u015bmy szcz\u0119\u015bliwi, \u017ce wsp&oacute;lnie mogli\u015bmy prze\u017cy\u0107 tak wiele wspania\u0142ych chwil,&nbsp;a przede wszystkim us\u0142ysze\u0107 ka\u017cdy na sw&oacute;j spos&oacute;b, indywidualnie g\u0142os Chrystusa, kt&oacute;ry wo\u0142a JA JESTEM &#8211; \u017cywy i prawdziwy. Pytanie tylko czy chcemy to us\u0142ysze\u0107 i czy potrafimy powt&oacute;rzy\u0107 za \u015awi\u0119tym Tomaszem &bdquo;PAN M&Oacute;J I B&Oacute;G M&Oacute;J!&rdquo;. Za wszelk\u0105 dobro\u0107 <strong>DZI\u0118KUJEMY!<\/strong><\/span><\/span><\/span>\n<\/p>\n<p>\n\t<span style=\"color:#000000;\"><strong>&nbsp; &nbsp; &nbsp; &nbsp; &nbsp; &nbsp; &nbsp; &nbsp; &nbsp; &nbsp; &nbsp; &nbsp; &nbsp; &nbsp; &nbsp; &nbsp; &nbsp; &nbsp; &nbsp; &nbsp; &nbsp; &nbsp; &nbsp; &nbsp; &nbsp; &nbsp; &nbsp; &nbsp; &nbsp; &nbsp; &nbsp; &nbsp; &nbsp; &nbsp; &nbsp; &nbsp; &nbsp; &nbsp; &nbsp; &nbsp; &nbsp; &nbsp; &nbsp; &nbsp; &nbsp; &nbsp; &nbsp; &nbsp; &nbsp; &nbsp; &nbsp; &nbsp; &nbsp; &nbsp; &nbsp; &nbsp; &nbsp; &nbsp;TEKST: Weronika Bia\u0142asik<\/strong><\/span>\n<\/p>\n<p style=\"text-align: center;\">\n\t&nbsp;<\/p>\n","protected":false},"excerpt":{"rendered":"<p>&bdquo;A OTO JA JESTEM Z WAMI PRZEZ WSZYSTKIE DNI, A\u017b DO KO\u0143CA \u015aWIATA&rdquo; (Mt 28, 20b) &nbsp;&#8211; Pielgrzymka do Sok&oacute;\u0142ki W dniach 28.06-01.07.2016 roku parafianie z Ostroroga wsparci przyjaci&oacute;\u0142mi&nbsp;z s\u0105siednich parafii odbyli pielgrzymk\u0119 na Podlasie. G\u0142&oacute;wnym i najwa\u017cniejszym jej punktem by\u0142a ma\u0142a miejscowo\u015b\u0107 Sok&oacute;\u0142ka, do kt&oacute;rej dotarli\u015bmy trzeciego dnia. To w\u0142a\u015bnie tam, w ko\u015bciele pw. [&hellip;]<\/p>\n","protected":false},"author":2,"featured_media":0,"comment_status":"closed","ping_status":"closed","sticky":false,"template":"","format":"standard","meta":{"ngg_post_thumbnail":0,"footnotes":""},"categories":[3],"tags":[],"class_list":["post-731","post","type-post","status-publish","format-standard","hentry","category-aktualnosci"],"_links":{"self":[{"href":"https:\/\/parafia-ostrorog.pl\/index.php\/wp-json\/wp\/v2\/posts\/731","targetHints":{"allow":["GET"]}}],"collection":[{"href":"https:\/\/parafia-ostrorog.pl\/index.php\/wp-json\/wp\/v2\/posts"}],"about":[{"href":"https:\/\/parafia-ostrorog.pl\/index.php\/wp-json\/wp\/v2\/types\/post"}],"author":[{"embeddable":true,"href":"https:\/\/parafia-ostrorog.pl\/index.php\/wp-json\/wp\/v2\/users\/2"}],"replies":[{"embeddable":true,"href":"https:\/\/parafia-ostrorog.pl\/index.php\/wp-json\/wp\/v2\/comments?post=731"}],"version-history":[{"count":21,"href":"https:\/\/parafia-ostrorog.pl\/index.php\/wp-json\/wp\/v2\/posts\/731\/revisions"}],"predecessor-version":[{"id":1516,"href":"https:\/\/parafia-ostrorog.pl\/index.php\/wp-json\/wp\/v2\/posts\/731\/revisions\/1516"}],"wp:attachment":[{"href":"https:\/\/parafia-ostrorog.pl\/index.php\/wp-json\/wp\/v2\/media?parent=731"}],"wp:term":[{"taxonomy":"category","embeddable":true,"href":"https:\/\/parafia-ostrorog.pl\/index.php\/wp-json\/wp\/v2\/categories?post=731"},{"taxonomy":"post_tag","embeddable":true,"href":"https:\/\/parafia-ostrorog.pl\/index.php\/wp-json\/wp\/v2\/tags?post=731"}],"curies":[{"name":"wp","href":"https:\/\/api.w.org\/{rel}","templated":true}]}}