{"id":8951,"date":"2017-12-01T20:59:14","date_gmt":"2017-12-01T19:59:14","guid":{"rendered":"http:\/\/parafia-ostrorog.pl\/?p=8951"},"modified":"2017-12-01T21:03:47","modified_gmt":"2017-12-01T20:03:47","slug":"program-wizytacji-10-12-2017r-ks-bp-zdzislaw-fortuniak","status":"publish","type":"post","link":"https:\/\/parafia-ostrorog.pl\/index.php\/2017\/12\/01\/program-wizytacji-10-12-2017r-ks-bp-zdzislaw-fortuniak\/","title":{"rendered":"Program Wizytacji 10.12.2017r. Ks. Bp. Zdzis\u0142aw Fortuniak"},"content":{"rendered":"<p style=\"text-align: center;\">\n\t<u><strong><span style=\"font-size:18px;\"><span style=\"font-family:tahoma,geneva,sans-serif;\">Program Wizytacji 10.12.2017r. Ks. Bp. Zdzis\u0142aw Fortuniak<\/span><\/span><\/strong><\/u>\n<\/p>\n<p style=\"text-align: center;\">\n\t<span style=\"font-size:16px;\"><span style=\"font-family:lucida sans unicode,lucida grande,sans-serif;\"><span style=\"color:#000000;\"><strong>Niedziela<\/strong><\/span><\/span><\/span>\n<\/p>\n<p style=\"text-align: center;\">\n\t<span style=\"font-size:16px;\"><span style=\"font-family:lucida sans unicode,lucida grande,sans-serif;\"><span style=\"color:#000000;\">godz. 9:00 &ndash; Msza \u015bw. z udzia\u0142em m\u0142odzie\u017cy &ndash; m\u0142odzie\u017c z gimnazjum i klasa VII&nbsp;obowi\u0105zkowo.<\/span><\/span><\/span>\n<\/p>\n<p style=\"text-align: center;\">\n\t<span style=\"font-size:16px;\"><span style=\"font-family:lucida sans unicode,lucida grande,sans-serif;\"><span style=\"color:#000000;\">&nbsp;&nbsp;&nbsp;&nbsp;&nbsp;&nbsp;&nbsp;&nbsp;&nbsp;&nbsp;&nbsp;&nbsp;&nbsp;&nbsp;&nbsp;&nbsp;&nbsp;&nbsp; &nbsp;Sprawozdanie Ks. Proboszcza z \u017cycia parafii<\/span><\/span><\/span>\n<\/p>\n<p style=\"text-align: center;\">\n\t<span style=\"font-size:16px;\"><span style=\"font-family:lucida sans unicode,lucida grande,sans-serif;\"><span style=\"color:#000000;\">godz. 11:00 &ndash; Msza \u015bw. z udzia\u0142em dzieci. Odb\u0119dzie si\u0119 po\u015bwi\u0119cenie&nbsp; ksi\u0105\u017ceczek.<br \/>\n\t&nbsp; &nbsp; &nbsp; &nbsp; &nbsp; &nbsp; &nbsp; &nbsp; &nbsp; &nbsp; &nbsp;Zapraszamy dziadk&oacute;w i rodzic&oacute;w.<\/span><\/span><\/span>\n<\/p>\n<p style=\"text-align: center;\">\n\t<span style=\"font-size:16px;\"><span style=\"font-family:lucida sans unicode,lucida grande,sans-serif;\"><span style=\"color:#000000;\">godz.<\/span><\/span><\/span><span style=\"font-size:16px;\"><span style=\"font-family:lucida sans unicode,lucida grande,sans-serif;\"><span style=\"color:#000000;\">&nbsp;13:00 &ndash; Msza \u015bw. w Oporowie<\/span><\/span><\/span>\n<\/p>\n<p style=\"text-align: center;\">\n\t<span style=\"font-size:16px;\"><span style=\"font-family:lucida sans unicode,lucida grande,sans-serif;\"><span style=\"color:#000000;\">godz. 14:00 &ndash; obiad<\/span><\/span><\/span>\n<\/p>\n<p style=\"text-align: center;\">\n\t<span style=\"font-size:16px;\"><span style=\"font-family:lucida sans unicode,lucida grande,sans-serif;\"><span style=\"color:#000000;\">godz. 15:00 &ndash; cmentarz, modlitwa za zmar\u0142ych<\/span><\/span><\/span>\n<\/p>\n<p style=\"text-align: center;\">\n\t<span style=\"font-size:16px;\"><span style=\"font-family:lucida sans unicode,lucida grande,sans-serif;\"><span style=\"color:#000000;\">&nbsp;&nbsp;&nbsp;&nbsp;&nbsp;&nbsp;&nbsp;&nbsp;&nbsp;&nbsp;&nbsp;&nbsp;&nbsp;&nbsp;&nbsp;&nbsp;&nbsp;&nbsp; &nbsp;&nbsp;&nbsp; Koronka do Mi\u0142osierdzia Bo\u017cego &ndash; poprowadzi KSM<\/span><\/span><\/span>\n<\/p>\n<p style=\"text-align: center;\">\n\t<span style=\"font-size:16px;\"><span style=\"font-family:lucida sans unicode,lucida grande,sans-serif;\"><span style=\"color:#000000;\">godz. 15:45 &ndash; Spotkanie z grupami duszpasterskimi w ko\u015bciele.<\/span><\/span><\/span>\n<\/p>\n<p style=\"text-align: center;\">\n\t<span style=\"font-size:16px;\"><span style=\"font-family:lucida sans unicode,lucida grande,sans-serif;\"><span style=\"color:#000000;\">&nbsp;&nbsp;&nbsp;&nbsp;&nbsp;&nbsp;&nbsp;&nbsp; Kr&oacute;tkie sprawozdania.<\/span><\/span><\/span>\n<\/p>\n<p style=\"text-align: center;\">\n\t<span style=\"font-size:16px;\"><span style=\"font-family:lucida sans unicode,lucida grande,sans-serif;\"><span style=\"color:#000000;\">godz. 16:30 &ndash; spotkanie z Rad\u0105 Duszpastersk\u0105 i Rad\u0105 Ekonomiczn\u0105 na probostwie<\/span><\/span><\/span>\n<\/p>\n<p style=\"text-align: center;\">\n\t<span style=\"font-size:16px;\"><span style=\"font-family:lucida sans unicode,lucida grande,sans-serif;\"><span style=\"color:#000000;\">godz. 17:30 &ndash; spotkanie z chorymi w domach<\/span><\/span><\/span>\n<\/p>\n<p style=\"text-align: center;\">\n\t<span style=\"font-size:16px;\"><span style=\"font-family:lucida sans unicode,lucida grande,sans-serif;\"><span style=\"color:#000000;\">godz. 19:00 &ndash; kolacja z kap\u0142anami dekanatu<\/span><\/span><\/span>\n<\/p>\n<p style=\"text-align: center;\">\n\t<span style=\"font-size:16px;\"><span style=\"font-family:lucida sans unicode,lucida grande,sans-serif;\"><span style=\"color:#000000;\"><strong>Poniedzia\u0142ek<\/strong><\/span><\/span><\/span>\n<\/p>\n<p style=\"text-align: center;\">\n\t<span style=\"font-size:16px;\"><span style=\"font-family:lucida sans unicode,lucida grande,sans-serif;\"><span style=\"color:#000000;\">godz. 10:30 &ndash; Msza \u015bw. dla chorych<\/span><\/span><\/span>\n<\/p>\n<p style=\"text-align: center;\">\n\t<span style=\"font-size:16px;\"><span style=\"font-family:lucida sans unicode,lucida grande,sans-serif;\"><span style=\"color:#000000;\">godz. 12:00 &ndash; odwiedziny w szkole<\/span><\/span><\/span>\n<\/p>\n<p style=\"text-align: center;\">\n\t<span style=\"font-size:16px;\"><span style=\"font-family:lucida sans unicode,lucida grande,sans-serif;\"><span style=\"color:#000000;\">godz. 13:30 &ndash; obiad<\/span><\/span><\/span>\n<\/p>\n<p style=\"text-align: center;\">\n\t<span style=\"font-size:16px;\"><span style=\"font-family:lucida sans unicode,lucida grande,sans-serif;\"><span style=\"color:#000000;\">&nbsp;&nbsp;&nbsp;<u><strong>&nbsp;&nbsp;Po obiedzie biuro parafialne i rozmowa z Ks. Proboszczem oraz wizytacja Ko\u015bcio\u0142a.<\/strong><\/u><\/span><\/span><\/span><\/p>\n","protected":false},"excerpt":{"rendered":"<p>Program Wizytacji 10.12.2017r. Ks. Bp. Zdzis\u0142aw Fortuniak Niedziela godz. 9:00 &ndash; Msza \u015bw. z udzia\u0142em m\u0142odzie\u017cy &ndash; m\u0142odzie\u017c z gimnazjum i klasa VII&nbsp;obowi\u0105zkowo. &nbsp;&nbsp;&nbsp;&nbsp;&nbsp;&nbsp;&nbsp;&nbsp;&nbsp;&nbsp;&nbsp;&nbsp;&nbsp;&nbsp;&nbsp;&nbsp;&nbsp;&nbsp; &nbsp;Sprawozdanie Ks. Proboszcza z \u017cycia parafii godz. 11:00 &ndash; Msza \u015bw. z udzia\u0142em dzieci. Odb\u0119dzie si\u0119 po\u015bwi\u0119cenie&nbsp; ksi\u0105\u017ceczek. &nbsp; &nbsp; &nbsp; &nbsp; &nbsp; &nbsp; &nbsp; &nbsp; &nbsp; &nbsp; &nbsp;Zapraszamy dziadk&oacute;w i [&hellip;]<\/p>\n","protected":false},"author":2,"featured_media":0,"comment_status":"open","ping_status":"open","sticky":false,"template":"","format":"standard","meta":{"ngg_post_thumbnail":0,"footnotes":""},"categories":[3,1],"tags":[],"class_list":["post-8951","post","type-post","status-publish","format-standard","hentry","category-aktualnosci","category-bez-kategorii"],"_links":{"self":[{"href":"https:\/\/parafia-ostrorog.pl\/index.php\/wp-json\/wp\/v2\/posts\/8951","targetHints":{"allow":["GET"]}}],"collection":[{"href":"https:\/\/parafia-ostrorog.pl\/index.php\/wp-json\/wp\/v2\/posts"}],"about":[{"href":"https:\/\/parafia-ostrorog.pl\/index.php\/wp-json\/wp\/v2\/types\/post"}],"author":[{"embeddable":true,"href":"https:\/\/parafia-ostrorog.pl\/index.php\/wp-json\/wp\/v2\/users\/2"}],"replies":[{"embeddable":true,"href":"https:\/\/parafia-ostrorog.pl\/index.php\/wp-json\/wp\/v2\/comments?post=8951"}],"version-history":[{"count":6,"href":"https:\/\/parafia-ostrorog.pl\/index.php\/wp-json\/wp\/v2\/posts\/8951\/revisions"}],"predecessor-version":[{"id":8957,"href":"https:\/\/parafia-ostrorog.pl\/index.php\/wp-json\/wp\/v2\/posts\/8951\/revisions\/8957"}],"wp:attachment":[{"href":"https:\/\/parafia-ostrorog.pl\/index.php\/wp-json\/wp\/v2\/media?parent=8951"}],"wp:term":[{"taxonomy":"category","embeddable":true,"href":"https:\/\/parafia-ostrorog.pl\/index.php\/wp-json\/wp\/v2\/categories?post=8951"},{"taxonomy":"post_tag","embeddable":true,"href":"https:\/\/parafia-ostrorog.pl\/index.php\/wp-json\/wp\/v2\/tags?post=8951"}],"curies":[{"name":"wp","href":"https:\/\/api.w.org\/{rel}","templated":true}]}}