{"id":9193,"date":"2017-12-30T16:58:47","date_gmt":"2017-12-30T15:58:47","guid":{"rendered":"http:\/\/parafia-ostrorog.pl\/?p=9193"},"modified":"2017-12-30T17:00:11","modified_gmt":"2017-12-30T16:00:11","slug":"plan-koledy-20172018","status":"publish","type":"post","link":"https:\/\/parafia-ostrorog.pl\/index.php\/2017\/12\/30\/plan-koledy-20172018\/","title":{"rendered":"PLAN KOL\u0118DY 2017\/2018"},"content":{"rendered":"<p style=\"text-align: center;\">\n\t<span style=\"font-family:georgia,serif;\"><span style=\"font-size:22px;\"><strong>PLAN KOL\u0118DY 2017\/2018<\/strong><\/span><\/span>\n<\/p>\n<p style=\"text-align: center;\">\n\t&nbsp;\n<\/p>\n<p style=\"text-align: center;\">\n\t<span style=\"font-size:18px;\"><span style=\"font-family:georgia,serif;\"><span style=\"color:#FF0000;\"><strong>Wtorek &ndash; 2.01.2018r. -Binino &ndash;<\/strong><\/span><br \/>\n\t&nbsp;od rodziny Adama Cyraniaka do rodziny Macieja Kotusa a nast\u0119pnie domy przy szosie do rodziny &nbsp;&nbsp;&nbsp;&nbsp;&nbsp; Stefana Rena od godz. 10:00<\/span><\/span>\n<\/p>\n<p style=\"text-align: center;\">\n\t<span style=\"font-size:18px;\"><span style=\"font-family:georgia,serif;\"><span style=\"color:#000000;\"><strong>&#8211; Binino wie\u015b &ndash;<\/strong><\/span><br \/>\n\t&nbsp;1 ksi\u0105dz rozpocz\u0119cie od rodzinyCembrowicz&oacute;w<\/span><\/span>\n<\/p>\n<p style=\"text-align: center;\">\n\t<span style=\"font-size:18px;\"><span style=\"font-family:georgia,serif;\">2 ksi\u0105dz od rodziny Kin od godz. 10:00<\/span><\/span>\n<\/p>\n<p style=\"text-align: center;\">\n\t<span style=\"font-size:18px;\"><span style=\"font-family:georgia,serif;\"><span style=\"color:#FF0000;\"><strong>\u015aroda &ndash; 3.01.2018r. &#8211;&nbsp; Binino Huby<\/strong><\/span><br \/>\n\t&nbsp;od godz. 10:00. Rozpocz\u0119cie od rodziny Owczarkowskich,&nbsp; a nast\u0119pnie od&nbsp; rodziny Margazyn<\/span><\/span>\n<\/p>\n<p style=\"text-align: center;\">\n\t<span style=\"font-size:18px;\"><span style=\"font-family:georgia,serif;\"><span style=\"color:#FF0000;\"><strong>&#8211; Bobulczyn-<\/strong><\/span><br \/>\n\t&nbsp;od godz. 10:00 &ndash; <strong>2 ksi\u0119\u017cy<\/strong><\/span><\/span>\n<\/p>\n<p style=\"text-align: center;\">\n\t<span style=\"font-size:18px;\"><span style=\"font-family:georgia,serif;\">Kolejno\u015b\u0107 kol\u0119dowania jak w latach minionych<\/span><\/span>\n<\/p>\n<p style=\"text-align: center;\">\n\t<span style=\"font-size:18px;\"><span style=\"font-family:georgia,serif;\"><span style=\"color:#FF0000;\"><strong>Czwartek &ndash; 4.01.2018r. &ndash; Dobrojewo<\/strong><\/span><br \/>\n\t&nbsp;od rodziny Kaszkowiaka Konrada i Pluta a nast\u0119pnie bloki przy drodze do Binina lewa strona od rodziny&nbsp; Adamskich do szko\u0142y od godz. 10:00<\/span><\/span>\n<\/p>\n<p style=\"text-align: center;\">\n\t<span style=\"font-size:18px;\"><span style=\"font-family:georgia,serif;\"><span style=\"color:#FF0000;\"><strong>-Dobrojewo-<\/strong><\/span><br \/>\n\tod godz 10:00- 3 bloki 2 pi\u0119trowe rozpocz\u0119cie od&nbsp; bloku 18<\/span><\/span>\n<\/p>\n<p style=\"text-align: center;\">\n\t<span style=\"font-size:18px;\"><span style=\"font-family:georgia,serif;\"><span style=\"color:#FF0000;\"><strong>&#8211; Dobrojewo-<\/strong><\/span><br \/>\n\tod godz. 10:00 &#8211; 4 bloki jednopi\u0119trowe rozpocz\u0119cie od bloku 13<\/span><\/span>\n<\/p>\n<p style=\"text-align: center;\">\n\t<span style=\"font-size:18px;\"><span style=\"font-family:georgia,serif;\"><span style=\"color:#FF0000;\"><strong>Piatek &ndash; 5.01.2018r . &ndash;Dobrojewo<\/strong><\/span><br \/>\n\t&nbsp;stare zabudowania od godz. 10:00<\/span><\/span>\n<\/p>\n<p style=\"text-align: center;\">\n\t<span style=\"font-size:18px;\"><span style=\"font-family:georgia,serif;\"><span style=\"color:#FF0000;\"><strong>&#8211; Dobrojewo-<\/strong><\/span><br \/>\n\tblok 27 i 25 rozpocz\u0119cie od rodziny Siwczak od&nbsp; godz.10:00<\/span><\/span>\n<\/p>\n<p style=\"text-align: center;\">\n\t<span style=\"font-size:18px;\"><span style=\"font-family:georgia,serif;\"><span style=\"color:#FF0000;\"><strong>Niedziela &ndash; 7.01.2018r. &#8211;&nbsp; Oporowo<\/strong><\/span><br \/>\n\t&nbsp;od godz. 14:00 rozpocz\u0119cie od rodziny Wrzawi\u0144skich i rodziny Wr&oacute;blewskich<br \/>\n\t&nbsp;<strong>2 ksi\u0119\u017cy<\/strong><\/span><\/span>\n<\/p>\n<p style=\"text-align: center;\">\n\t<span style=\"font-size:18px;\"><span style=\"font-family:georgia,serif;\"><span style=\"color:#FF0000;\"><strong>Poniedzia\u0142ek &ndash; 8.01.2018r. &#8211;&nbsp; Kluczewo Huby<\/strong><\/span><br \/>\n\t&nbsp;od godz. 10:00. Kolejno\u015b\u0107 kol\u0119dowania jak w&nbsp; latach minionych<\/span><\/span>\n<\/p>\n<p style=\"text-align: center;\">\n\t<span style=\"font-size:18px;\"><span style=\"font-family:georgia,serif;\"><span style=\"color:#FF0000;\"><strong>&#8211; Kluczewo wie\u015b-<\/strong><\/span><br \/>\n\t&nbsp;od godz. 10:00 domy przy szosie a &nbsp;nast\u0119pnie od bloku 4 rodzinnego do rodziny Filipowicz&oacute;w<\/span><\/span>\n<\/p>\n<p style=\"text-align: center;\">\n\t<span style=\"font-size:18px;\"><span style=\"font-family:georgia,serif;\"><span style=\"color:#FF0000;\"><strong>&#8211; Kluczewo wie\u015b-<\/strong><\/span><br \/>\n\t&nbsp;od godz 10:00 od rodziny Ko\u0142odziejczyk&oacute;w do rodziny Wadowc&oacute;w<\/span><\/span>\n<\/p>\n<p style=\"text-align: center;\">\n\t<span style=\"font-size:18px;\"><span style=\"font-family:georgia,serif;\"><span style=\"color:#FF0000;\"><strong>Wtorek &ndash; 9.01.2018r. &#8211; Rudki wie\u015b<\/strong><\/span><br \/>\n\t&nbsp;Rozpocz\u0119cie od dom&oacute;w przy szosie, a potem&nbsp;od rodziny Wojciechowskich, do rodziny Zdzis\u0142awa<\/span><\/span>\n<\/p>\n<p style=\"text-align: center;\">\n\t<span style=\"font-size:18px;\"><span style=\"font-family:georgia,serif;\">Nowakowskiego, a nast\u0119pnie 4 bloki od godz. 10:00.<\/span><\/span>\n<\/p>\n<p style=\"text-align: center;\">\n\t<span style=\"font-size:18px;\"><span style=\"font-family:georgia,serif;\"><span style=\"color:#FF0000;\"><strong>-Rudki Huby-<\/strong><\/span><br \/>\n\tod godz. 10:00. Rozpocz\u0119cie od strony lasu<\/span><\/span>\n<\/p>\n<p style=\"text-align: center;\">\n\t<span style=\"color:#FF0000;\"><span style=\"font-size:18px;\"><span style=\"font-family:georgia,serif;\"><strong>-Karolewo -od godz. 10:00.<\/strong><\/span><\/span><\/span>\n<\/p>\n<p style=\"text-align: center;\">\n\t<span style=\"font-size:18px;\"><span style=\"font-family:georgia,serif;\"><span style=\"color:#FF0000;\"><strong>\u015aroda &ndash; 10.01.2018r. &#8211; Szczepankowo<\/strong><\/span><br \/>\n\tod godz. 10:00 od rodziny W\u0142odyko do rodziny Ka\u0142u\u017cnych<\/span><\/span>\n<\/p>\n<p style=\"text-align: center;\">\n\t<span style=\"font-size:18px;\"><span style=\"font-family:georgia,serif;\"><span style=\"color:#FF0000;\"><strong>-Szczepankowo &#8211;<\/strong><\/span><br \/>\n\tod rodziny Mataja do rodziny Traczyk&oacute;w od godz. 10:00 i od rodziny Michalak&oacute;w do rodziny Duchnickich<\/span><\/span>\n<\/p>\n<p style=\"text-align: center;\">\n\t<span style=\"font-size:18px;\"><span style=\"font-family:georgia,serif;\"><span style=\"color:#FF0000;\"><strong>&#8211; Szczepankowo &ndash; Wygoda Huby<\/strong><\/span><br \/>\n\t&nbsp;domy przy szosie lewa strona<\/span><\/span>\n<\/p>\n<p style=\"text-align: center;\">\n\t<span style=\"font-size:18px;\"><span style=\"font-family:georgia,serif;\">od godz. 10:00<\/span><\/span>\n<\/p>\n<p style=\"text-align: center;\">\n\t<span style=\"font-size:18px;\"><span style=\"font-family:georgia,serif;\"><span style=\"color:#FF0000;\"><strong>Czwartek &ndash; 11.01.2018r. &ndash;Wielonek<\/strong><\/span><br \/>\n\t&nbsp;od rodziny Smulkowskich nast\u0119pnie rodzina<\/span><\/span>\n<\/p>\n<p style=\"text-align: center;\">\n\t<span style=\"font-size:18px;\"><span style=\"font-family:georgia,serif;\">Bia\u0142asik&oacute;w do rodziny G&oacute;rniaczyk&oacute;w od godz. 10:00<\/span><\/span>\n<\/p>\n<p style=\"text-align: center;\">\n\t<span style=\"font-size:18px;\"><span style=\"font-family:georgia,serif;\"><span style=\"color:#FF0000;\"><strong>&#8211; Zapust &#8211;<\/strong><\/span><br \/>\n\tod godz.10:00. Rozpocz\u0119cie od le\u015bnicz&oacute;wek i od rodziny Le\u015bniewskich &ndash;<strong> 2 ksi\u0119\u017cy.<\/strong><\/span><\/span>\n<\/p>\n<p style=\"text-align: center;\">\n\t<span style=\"font-size:18px;\"><span style=\"font-family:georgia,serif;\"><span style=\"color:#FF0000;\"><strong>Pi\u0105tek &ndash; 12.01.2018r. &#8211;&nbsp; Wielonek<\/strong><\/span><br \/>\n\t&nbsp;od rodziny Gendera do rodziny Cieszy\u0144skich<br \/>\n\tDrugi ksi\u0105dz od&nbsp;&nbsp;&nbsp; rodziny&nbsp;&nbsp; Nowickich od godz 10:00<\/span><\/span><\/p>\n","protected":false},"excerpt":{"rendered":"<p>PLAN KOL\u0118DY 2017\/2018 &nbsp; Wtorek &ndash; 2.01.2018r. -Binino &ndash; &nbsp;od rodziny Adama Cyraniaka do rodziny Macieja Kotusa a nast\u0119pnie domy przy szosie do rodziny &nbsp;&nbsp;&nbsp;&nbsp;&nbsp; Stefana Rena od godz. 10:00 &#8211; Binino wie\u015b &ndash; &nbsp;1 ksi\u0105dz rozpocz\u0119cie od rodzinyCembrowicz&oacute;w 2 ksi\u0105dz od rodziny Kin od godz. 10:00 \u015aroda &ndash; 3.01.2018r. &#8211;&nbsp; Binino Huby &nbsp;od godz. [&hellip;]<\/p>\n","protected":false},"author":2,"featured_media":0,"comment_status":"open","ping_status":"open","sticky":false,"template":"","format":"standard","meta":{"ngg_post_thumbnail":0,"footnotes":""},"categories":[3],"tags":[],"class_list":["post-9193","post","type-post","status-publish","format-standard","hentry","category-aktualnosci"],"_links":{"self":[{"href":"https:\/\/parafia-ostrorog.pl\/index.php\/wp-json\/wp\/v2\/posts\/9193","targetHints":{"allow":["GET"]}}],"collection":[{"href":"https:\/\/parafia-ostrorog.pl\/index.php\/wp-json\/wp\/v2\/posts"}],"about":[{"href":"https:\/\/parafia-ostrorog.pl\/index.php\/wp-json\/wp\/v2\/types\/post"}],"author":[{"embeddable":true,"href":"https:\/\/parafia-ostrorog.pl\/index.php\/wp-json\/wp\/v2\/users\/2"}],"replies":[{"embeddable":true,"href":"https:\/\/parafia-ostrorog.pl\/index.php\/wp-json\/wp\/v2\/comments?post=9193"}],"version-history":[{"count":2,"href":"https:\/\/parafia-ostrorog.pl\/index.php\/wp-json\/wp\/v2\/posts\/9193\/revisions"}],"predecessor-version":[{"id":9195,"href":"https:\/\/parafia-ostrorog.pl\/index.php\/wp-json\/wp\/v2\/posts\/9193\/revisions\/9195"}],"wp:attachment":[{"href":"https:\/\/parafia-ostrorog.pl\/index.php\/wp-json\/wp\/v2\/media?parent=9193"}],"wp:term":[{"taxonomy":"category","embeddable":true,"href":"https:\/\/parafia-ostrorog.pl\/index.php\/wp-json\/wp\/v2\/categories?post=9193"},{"taxonomy":"post_tag","embeddable":true,"href":"https:\/\/parafia-ostrorog.pl\/index.php\/wp-json\/wp\/v2\/tags?post=9193"}],"curies":[{"name":"wp","href":"https:\/\/api.w.org\/{rel}","templated":true}]}}