{"id":939,"date":"2016-08-08T22:28:11","date_gmt":"2016-08-08T20:28:11","guid":{"rendered":"http:\/\/parafia-ostrorog.pl\/?p=939"},"modified":"2016-08-18T20:25:57","modified_gmt":"2016-08-18T18:25:57","slug":"pielgrzymka-do-lichenia","status":"publish","type":"post","link":"https:\/\/parafia-ostrorog.pl\/index.php\/2016\/08\/08\/pielgrzymka-do-lichenia\/","title":{"rendered":"Pielgrzymka do Lichenia"},"content":{"rendered":"<p style=\"text-align: center;\">\n\t<span style=\"color:#000000;\"><span style=\"font-size:18px;\"><span style=\"font-family:georgia,serif;\">W \u015bwi\u0119to \u015awi\u0119tego Jakuba, drugorz\u0119dnego patrona naszej parafii,&nbsp;tj. 25. lipca 2016 roku, wybrali\u015bmy si\u0119 w pielgrzymce do Lichenia. Naszym pragnieniem by\u0142o zawierzenie Matce Bo\u017cej Liche\u0144skiej naszej parafii, naszych duszpasterzy, rodzin, m\u0142odzie\u017cy i dzieci, a tak\u017ce wszystkich chorych. Po zbi&oacute;rce i modlitwie o godz. 7:30 wyruszyli\u015bmy z Ostroroga. Grupa 25 przedstawicieli&nbsp;na czele z Ks. Wikariuszem Szymonem Ka\u017amierczakiem rozpocz\u0119\u0142a swe pielgrzymowanie Eucharysti\u0105 w ko\u015bciele pw. \u015aw. Doroty o godz. 12:00.&nbsp;Bazylika, kt&oacute;r\u0105 mieli\u015bmy okazj\u0119 zwiedza\u0107 i podziwia\u0107 okaza\u0142a si\u0119 r&oacute;wnie\u017c odpowiednim miejscem do osobistej modlitwy. Ka\u017cdy z nas zaczerpn\u0105\u0142&nbsp;z pewno\u015bci\u0105 z tego wspania\u0142ego miejsca si\u0142y duchowe i fizyczne.<\/span><\/span><\/span>\n<\/p>\n<p style=\"text-align: center;\">\n\t<span style=\"color:#000000;\"><span style=\"font-size:18px;\"><span style=\"font-family:georgia,serif;\">&nbsp;&nbsp;&nbsp;&nbsp;&nbsp;&nbsp;&nbsp;&nbsp;Kolejnym punktem naszej w\u0119dr&oacute;wki by\u0142 Las Gr\u0105bli\u0144ski, oddalony od Sanktuarium o 2 km. Dosz\u0142o w nim do objawie\u0144, na miejscu kt&oacute;rych postawione zosta\u0142y kapliczki. Fenomenem tego miejsca jest kompleks klasztorny, kt&oacute;ry sk\u0142ada si\u0119 z ko\u015bcio\u0142a i zabudowa\u0144 przeznaczonych na cz\u0119\u015b\u0107 mieszkaln\u0105. Znajduje si\u0119 tam zakon Si&oacute;str Anuncjatek, Anuncjatki &#8211; to wsp&oacute;lnota monastyczna, klauzurowa,&nbsp;za\u0142o\u017cona w 1502 r. przez \u015bw. Joann\u0119 de Valois, kr&oacute;low\u0105 Francji. Joanna, jeszcze jako dziewczynka, pyta\u0142a Matk\u0119 Bo\u017c\u0105 w jaki spos&oacute;b mog\u0142aby J\u0105 uczci\u0107. W sercu us\u0142ysza\u0142a s\u0142owa Maryi: &bdquo;Zanim umrzesz, za\u0142o\u017cysz zakon na Moj\u0105 cze\u015b\u0107. To najwi\u0119ksza rado\u015b\u0107, jak\u0105 mo\u017cesz uczyni\u0107 Mojemu Synowi i Mnie&hellip;&rdquo;. Siostry anuncjatki wyr&oacute;\u017cniaj\u0105 si\u0119 spo\u015br&oacute;d innych zgromadze\u0144 wielokolorowymi habitami. Ka\u017cdy kolor ma inne znaczenie: szary symbolizuje pokut\u0119 i ub&oacute;stwo; czerwony &ndash; m\u0119k\u0119 Chrystusa, mi\u0142o\u015b\u0107, rado\u015b\u0107; bia\u0142y &#8211; czysto\u015b\u0107. Czarny kolor welonu to symbol konsekracji zakonnej. Na szyi siostry nosz\u0105 niebiesk\u0105 wst\u0105\u017ck\u0119 z medalikiem &#8211; na jego awersie przedstawione jest Dzieci\u0105tko Jezus w ramionach Naj\u015bwi\u0119tszej Maryi Panny. Dzieci\u0105tko r\u0105czk\u0105 wskazuje na Maryj\u0119.&nbsp;<\/span><\/span><\/span>\n<\/p>\n<p style=\"text-align: center;\">\n\t<span style=\"color:#000000;\"><span style=\"font-size:18px;\"><span style=\"font-family:georgia,serif;\">&nbsp;&nbsp;&nbsp;&nbsp;&nbsp;&nbsp;&nbsp;&nbsp; Ostatnim przystankiem by\u0142o pocysterskie opactwo Naj\u015bwi\u0119tszej Marii Panny i \u015aw. Miko\u0142aja w L\u0105dzie. Tam, dzi\u0119ki naszemu przewodnikowi -klerykowi pierwszego roku &#8211;&nbsp; poznali\u015bmy histori\u0119 i obejrzeli\u015bmy wiele ciekawych zak\u0105tk&oacute;w tego miejsca.<\/span><\/span><\/span>\n<\/p>\n<p style=\"text-align: center;\">\n\t<span style=\"color:#000000;\"><span style=\"font-size:18px;\"><span style=\"font-family:georgia,serif;\">&nbsp;&nbsp;&nbsp;&nbsp;&nbsp;&nbsp;&nbsp;&nbsp; Bardzo si\u0119 cieszymy, \u017ce i tym razem Ks. Szymon uraczy\u0142 nas naszymi ulubionymi kr&oacute;wkami, a atmosfera tradycyjnie by\u0142a wspania\u0142a. W ci\u0105gu kilku godzin mieli\u015bmy po raz kolejny okazj\u0119 zobaczy\u0107 wiele, a tak\u017ce przebywaj\u0105c&nbsp;w \u015bwi\u0119tych miejscach uchwyci\u0107 kilka refleksji i skorzysta\u0107 z odpoczynku wakacyjnego.<\/span><\/span><\/span>\n<\/p>\n<p style=\"text-align: center;\">\n\t&nbsp;<\/p>\n","protected":false},"excerpt":{"rendered":"<p>W \u015bwi\u0119to \u015awi\u0119tego Jakuba, drugorz\u0119dnego patrona naszej parafii,&nbsp;tj. 25. lipca 2016 roku, wybrali\u015bmy si\u0119 w pielgrzymce do Lichenia. Naszym pragnieniem by\u0142o zawierzenie Matce Bo\u017cej Liche\u0144skiej naszej parafii, naszych duszpasterzy, rodzin, m\u0142odzie\u017cy i dzieci, a tak\u017ce wszystkich chorych. Po zbi&oacute;rce i modlitwie o godz. 7:30 wyruszyli\u015bmy z Ostroroga. Grupa 25 przedstawicieli&nbsp;na czele z Ks. Wikariuszem Szymonem [&hellip;]<\/p>\n","protected":false},"author":2,"featured_media":0,"comment_status":"closed","ping_status":"closed","sticky":false,"template":"","format":"standard","meta":{"ngg_post_thumbnail":0,"footnotes":""},"categories":[3],"tags":[],"class_list":["post-939","post","type-post","status-publish","format-standard","hentry","category-aktualnosci"],"_links":{"self":[{"href":"https:\/\/parafia-ostrorog.pl\/index.php\/wp-json\/wp\/v2\/posts\/939","targetHints":{"allow":["GET"]}}],"collection":[{"href":"https:\/\/parafia-ostrorog.pl\/index.php\/wp-json\/wp\/v2\/posts"}],"about":[{"href":"https:\/\/parafia-ostrorog.pl\/index.php\/wp-json\/wp\/v2\/types\/post"}],"author":[{"embeddable":true,"href":"https:\/\/parafia-ostrorog.pl\/index.php\/wp-json\/wp\/v2\/users\/2"}],"replies":[{"embeddable":true,"href":"https:\/\/parafia-ostrorog.pl\/index.php\/wp-json\/wp\/v2\/comments?post=939"}],"version-history":[{"count":9,"href":"https:\/\/parafia-ostrorog.pl\/index.php\/wp-json\/wp\/v2\/posts\/939\/revisions"}],"predecessor-version":[{"id":1514,"href":"https:\/\/parafia-ostrorog.pl\/index.php\/wp-json\/wp\/v2\/posts\/939\/revisions\/1514"}],"wp:attachment":[{"href":"https:\/\/parafia-ostrorog.pl\/index.php\/wp-json\/wp\/v2\/media?parent=939"}],"wp:term":[{"taxonomy":"category","embeddable":true,"href":"https:\/\/parafia-ostrorog.pl\/index.php\/wp-json\/wp\/v2\/categories?post=939"},{"taxonomy":"post_tag","embeddable":true,"href":"https:\/\/parafia-ostrorog.pl\/index.php\/wp-json\/wp\/v2\/tags?post=939"}],"curies":[{"name":"wp","href":"https:\/\/api.w.org\/{rel}","templated":true}]}}